{"id":7787,"date":"2025-11-24T12:49:58","date_gmt":"2025-11-24T04:49:58","guid":{"rendered":"https:\/\/www.alizn-carbon-fiber.com\/?p=7787"},"modified":"2025-11-24T12:50:00","modified_gmt":"2025-11-24T04:50:00","slug":"linha-de-producao-de-moldagem-por-compressao-de-fibra-de-carbono","status":"publish","type":"post","link":"https:\/\/www.alizn-carbon-fiber.com\/pt\/carbon-fiber-compression-molding-production-line\/","title":{"rendered":"Linha de produ\u00e7\u00e3o de moldagem por compress\u00e3o de fibra de carbono"},"content":{"rendered":"<p>A moldagem por compress\u00e3o de fibra de carbono \u00e9 uma t\u00e9cnica fundamental na fabrica\u00e7\u00e3o moderna de pe\u00e7as de fibra de carbono, permitindo a cria\u00e7\u00e3o de componentes leves e robustos. Se estiver pensando em fazer uma parceria com um fabricante de pe\u00e7as de fibra de carbono como a Alizn, entender esse m\u00e9todo o ajudar\u00e1 a compreender por que ele \u00e9 ideal para seus projetos. Cobriremos toda a linha de produ\u00e7\u00e3o, destacando os procedimentos padronizados que garantem a qualidade em cada etapa.<\/p>\n\n\n\n<h3 class=\"wp-block-heading\" id=\"h-understanding-carbon-fiber-compression-molding\">Entendendo a moldagem por compress\u00e3o de fibra de carbono<\/h3>\n\n\n\n<p>A moldagem por compress\u00e3o de fibra de carbono envolve a aplica\u00e7\u00e3o de calor e press\u00e3o aos materiais de fibra de carbono em um molde para formar formas precisas. Esse processo \u00e9 essencial para a produ\u00e7\u00e3o de pe\u00e7as de fibra de carbono que apresentem uma rela\u00e7\u00e3o excepcional de resist\u00eancia e peso. Como cliente, voc\u00ea quer ter certeza de que as pe\u00e7as que recebe est\u00e3o livres de defeitos e t\u00eam bom desempenho, e \u00e9 por isso que nossa equipe Alizn segue protocolos padronizados do in\u00edcio ao fim.<\/p>\n\n\n\n<p>Em ess\u00eancia, a moldagem por compress\u00e3o de fibra de carbono transforma folhas ou pr\u00e9-formas de fibra de carbono bruta em produtos acabados por meio de compress\u00e3o controlada. A t\u00e9cnica minimiza os vazios e garante a distribui\u00e7\u00e3o uniforme da resina, resultando em pe\u00e7as que resistem a condi\u00e7\u00f5es extremas. Se voc\u00ea precisa de pe\u00e7as personalizadas de fibra de carbono para prot\u00f3tipos ou pedidos em massa, esse m\u00e9todo oferece a confiabilidade que voc\u00ea procura.<\/p>\n\n\n\n<p>Na Alizn, nossa linha de produ\u00e7\u00e3o de moldagem por compress\u00e3o de fibra de carbono foi projetada tendo em mente a confian\u00e7a do cliente. Convidamos voc\u00ea a se imaginar percorrendo nossas instala\u00e7\u00f5es \u00e0 medida que detalhamos cada fase, sabendo que normas internacionais como a ISO 9001 orientam nossas opera\u00e7\u00f5es.<\/p>\n\n\n\n<h3 class=\"wp-block-heading\" id=\"h-mold-preparation-in-carbon-fiber-compression-molding\">Prepara\u00e7\u00e3o do molde na moldagem por compress\u00e3o de fibra de carbono<\/h3>\n\n\n\n<p>Nossos moldes s\u00e3o meticulosamente fabricados em a\u00e7o endurecido ou alum\u00ednio, projetados para oferecer durabilidade, transfer\u00eancia uniforme de calor e geometrias precisas com base em especifica\u00e7\u00f5es de engenharia. Antes de cada ciclo de produ\u00e7\u00e3o, os t\u00e9cnicos realizam uma inspe\u00e7\u00e3o completa, verificando se h\u00e1 imperfei\u00e7\u00f5es, desgaste ou res\u00edduos de usos anteriores. Essa padroniza\u00e7\u00e3o inclui a verifica\u00e7\u00e3o dimensional usando paqu\u00edmetros e escaneamentos de superf\u00edcie para confirmar as toler\u00e2ncias de 0,05 mm, garantindo a replica\u00e7\u00e3o perfeita de suas pe\u00e7as de fibra de carbono.<\/p>\n\n\n\n<p>Depois que o molde passa pela inspe\u00e7\u00e3o, ele \u00e9 limpo meticulosamente e revestido com agentes desmoldantes, como sprays \u00e0 base de silicone, aplicados uniformemente por meio de sistemas automatizados para evitar a ader\u00eancia e facilitar a desmoldagem.<\/p>\n\n\n\n<p>Em seguida, selecionamos as resinas ep\u00f3xi ou fen\u00f3licas com base nas necessidades de sua aplica\u00e7\u00e3o, como resist\u00eancia ao calor ou durabilidade qu\u00edmica. Em nossa \u00e1rea de mistura, as resinas s\u00e3o misturadas com endurecedores sob v\u00e1cuo para eliminar bolhas de ar - um procedimento padr\u00e3o que evita fragilidades nas pe\u00e7as finais de fibra de carbono.<\/p>\n\n\n\n<h3 class=\"wp-block-heading\" id=\"h-material-preparation-and-layering\">Prepara\u00e7\u00e3o e estratifica\u00e7\u00e3o de materiais<\/h3>\n\n\n\n<p>A linha de produ\u00e7\u00e3o de moldagem por compress\u00e3o de fibra de carbono come\u00e7a com a prepara\u00e7\u00e3o meticulosa do material, uma etapa crucial para a obten\u00e7\u00e3o de resultados consistentes. Em nosso armaz\u00e9m Alizn, onde os rolos de tecido de fibra de carbono s\u00e3o armazenados em ambientes climatizados para evitar a absor\u00e7\u00e3o de umidade. Nossos t\u00e9cnicos inspecionam a qualidade de cada lote, garantindo que as fibras atendam \u00e0s especifica\u00e7\u00f5es de resist\u00eancia \u00e0 tra\u00e7\u00e3o e padr\u00e3o de trama.<\/p>\n\n\n\n<p>Em seguida, vem a etapa de corte e estratifica\u00e7\u00e3o do material, adaptada ao tipo de composto usado - pr\u00e9-impregnado (folhas de fibra de carbono pr\u00e9-impregnadas) ou estratifica\u00e7\u00e3o \u00famida (tecido de fibra de carbono seco). Em um ambiente controlado de sala limpa para evitar a contamina\u00e7\u00e3o, nossos cortadores automatizados cortam com precis\u00e3o as folhas ou o tecido de fibra de carbono para corresponder \u00e0s dimens\u00f5es do molde e \u00e0s configura\u00e7\u00f5es de camadas necess\u00e1rias.<\/p>\n\n\n\n<p>Em seguida, os t\u00e9cnicos empilham as camadas cortadas, alternando as dire\u00e7\u00f5es das fibras para obter resist\u00eancia isotr\u00f3pica, semelhante \u00e0 constru\u00e7\u00e3o de uma estrutura composta de alto desempenho. As listas de verifica\u00e7\u00e3o padronizam esse processo, verificando a contagem, a orienta\u00e7\u00e3o e o alinhamento das camadas em rela\u00e7\u00e3o aos desenhos de engenharia do seu projeto.<\/p>\n\n\n\n<figure class=\"wp-block-image size-full\"><img fetchpriority=\"high\" decoding=\"async\" width=\"1920\" height=\"1080\" src=\"https:\/\/www.alizn-carbon-fiber.com\/wp-content\/uploads\/2025\/04\/carbon-fiber-material-preparation-area-cutting-room.webp\" alt=\"\u00c1rea de prepara\u00e7\u00e3o de material de fibra de carbono (sala de corte)\" class=\"wp-image-4520\" srcset=\"\/\/www.alizn-carbon-fiber.com\/wp-content\/uploads\/2025\/04\/carbon-fiber-material-preparation-area-cutting-room.webp 1920w, \/\/www.alizn-carbon-fiber.com\/wp-content\/uploads\/2025\/04\/carbon-fiber-material-preparation-area-cutting-room-600x338.webp 600w, \/\/www.alizn-carbon-fiber.com\/wp-content\/uploads\/2025\/04\/carbon-fiber-material-preparation-area-cutting-room-768x432.webp 768w, \/\/www.alizn-carbon-fiber.com\/wp-content\/uploads\/2025\/04\/carbon-fiber-material-preparation-area-cutting-room-1536x864.webp 1536w\" sizes=\"(max-width: 1920px) 100vw, 1920px\" \/><\/figure>\n\n\n\n<h3 class=\"wp-block-heading\">Processo de layup na moldagem por compress\u00e3o<\/h3>\n\n\n\n<p>No processo de moldagem por compress\u00e3o, o layup \u00e9 uma das principais etapas, envolvendo principalmente trabalhadores que colocam materiais (como pr\u00e9-impregnados ou layup \u00famido) no molde para garantir a distribui\u00e7\u00e3o uniforme e a conformidade com o formato do produto. A seguir, descrevemos duas variantes comuns: o processo de layup usando prepreg e o processo de layup usando tecido \u00famido (geralmente usado em layup \u00famido ou combinado com processos de infus\u00e3o de resina). <\/p>\n\n\n\n<h4 class=\"wp-block-heading\">1. Processo de estratifica\u00e7\u00e3o usando Prepreg<\/h4>\n\n\n\n<p>Prepreg \u00e9 um tecido ou tela de fibra pr\u00e9-impregnado com resina, que oferece alta precis\u00e3o e consist\u00eancia e \u00e9 comumente usado para materiais compostos de alto desempenho.<\/p>\n\n\n\n<ul class=\"wp-block-list\">\n<li><strong>Coloca\u00e7\u00e3o do pr\u00e9-impregnado<\/strong>: Os trabalhadores usam luvas e colocam as folhas de pr\u00e9-impregnado cortadas, camada por camada, na cavidade do molde. Come\u00e7ando pela parte inferior do molde, as camadas s\u00e3o empilhadas sequencialmente, garantindo que a orienta\u00e7\u00e3o da fibra de cada camada atenda aos requisitos do projeto (por exemplo, disposi\u00e7\u00e3o alternada de 0\u00b0\/90\u00b0 para aumentar a resist\u00eancia). Use um rolo ou raspador para compactar suavemente cada camada, removendo bolhas e rugas. No caso de moldes complexos, uma l\u00e2mpada de calor pode ser usada para amolecer o pr\u00e9-impregnado para melhor conformidade com as superf\u00edcies curvas.<\/li>\n\n\n\n<li><strong>Processamento entre camadas<\/strong>: Durante a coloca\u00e7\u00e3o de v\u00e1rias camadas, verifique a ades\u00e3o entre as camadas para garantir que n\u00e3o haja espa\u00e7os vazios. Se necess\u00e1rio, adicione materiais de n\u00facleo (como espuma ou estruturas alveolares) como camadas de sandu\u00edche.<\/li>\n<\/ul>\n\n\n\n<h4 class=\"wp-block-heading\">2. Processo de estratifica\u00e7\u00e3o usando tecido \u00famido (combinado com infus\u00e3o de resina)<\/h4>\n\n\n\n<p>O wet layup envolve primeiro molhar o tecido de fibra seca com resina antes de coloc\u00e1-lo no molde, ou colocar diretamente o tecido seco seguido de inje\u00e7\u00e3o de resina, comumente usado para moldagem de componentes de baixo custo e em larga escala.<\/p>\n\n\n\n<ul class=\"wp-block-list\">\n<li><strong>Umedecimento e coloca\u00e7\u00e3o de tecido \u00famido<\/strong>: Os trabalhadores mergulham o tecido de fibra seca na resina pr\u00e9-misturada para satur\u00e1-lo totalmente (estado de tecido \u00famido) e, em seguida, colocam-no rapidamente no molde (para evitar a cura prematura da resina). Comece a colocar a partir de uma extremidade do molde, empilhando as camadas sequencialmente, e use um pincel ou rolo para aplicar a resina de maneira uniforme, garantindo a impregna\u00e7\u00e3o completa da fibra. Compacte cada camada para expulsar o excesso de resina e as bolhas. Para as variantes de assentamento a seco, o tecido seco pode ser colocado diretamente no molde, compactado camada por camada e, em seguida, o molde selado.<\/li>\n\n\n\n<li><strong>Inje\u00e7\u00e3o de resina<\/strong>: Ap\u00f3s a conclus\u00e3o do layup, feche o molde. Injete a resina por meio de portas de inje\u00e7\u00e3o predefinidas usando assist\u00eancia a v\u00e1cuo ou uma bomba de press\u00e3o. A resina flui para preencher a cavidade do molde, impregnando todas as camadas de fibra. Monitore a press\u00e3o e o tempo de inje\u00e7\u00e3o para garantir que n\u00e3o haja pontos secos (\u00e1reas n\u00e3o impregnadas).<\/li>\n<\/ul>\n\n\n\n<figure class=\"wp-block-image size-full\"><img decoding=\"async\" width=\"1920\" height=\"1080\" src=\"https:\/\/www.alizn-carbon-fiber.com\/wp-content\/uploads\/2025\/04\/carbon-fiber-parts-manufacturer.webp\" alt=\"Fabricante de pe\u00e7as de fibra de carbono\" class=\"wp-image-4529\" srcset=\"\/\/www.alizn-carbon-fiber.com\/wp-content\/uploads\/2025\/04\/carbon-fiber-parts-manufacturer.webp 1920w, \/\/www.alizn-carbon-fiber.com\/wp-content\/uploads\/2025\/04\/carbon-fiber-parts-manufacturer-600x338.webp 600w, \/\/www.alizn-carbon-fiber.com\/wp-content\/uploads\/2025\/04\/carbon-fiber-parts-manufacturer-768x432.webp 768w, \/\/www.alizn-carbon-fiber.com\/wp-content\/uploads\/2025\/04\/carbon-fiber-parts-manufacturer-1536x864.webp 1536w\" sizes=\"(max-width: 1920px) 100vw, 1920px\" \/><\/figure>\n\n\n\n<h3 class=\"wp-block-heading\" id=\"h-heating-and-compression-the-core-transformation\">Aquecimento e compress\u00e3o: A transforma\u00e7\u00e3o do n\u00facleo<\/h3>\n\n\n\n<p>Agora, imagine a \u00e1rea da prensa, onde acontece a m\u00e1gica da moldagem por compress\u00e3o de fibra de carbono. Prensas hidr\u00e1ulicas, capazes de exercer de 100 a 500 toneladas de for\u00e7a, fecham as metades do molde. As placas de aquecimento sobem at\u00e9 120-180\u00b0C, controladas por termopares multizona para distribui\u00e7\u00e3o uniforme da temperatura.<\/p>\n\n\n\n<p>A press\u00e3o \u00e9 aplicada gradualmente em est\u00e1gios - inicialmente baixa para permitir o fluxo da resina, depois mais alta para compactar as fibras. Os tempos de espera variam de 5 a 20 minutos, dependendo da espessura da pe\u00e7a, permitindo a cura total da resina. Nossos padr\u00f5es exigem o monitoramento em tempo real com transdutores de press\u00e3o, interrompendo os ciclos se os par\u00e2metros se desviarem em mais de 5%.<\/p>\n\n\n\n<p>Esse ambiente controlado garante que as pe\u00e7as de fibra de carbono surjam com fra\u00e7\u00f5es de alto volume de fibra, normalmente 55-65%, o que se traduz na resist\u00eancia leve que voc\u00ea exige.<\/p>\n\n\n\n<figure class=\"wp-block-image size-full\"><img decoding=\"async\" width=\"1920\" height=\"1080\" src=\"https:\/\/www.alizn-carbon-fiber.com\/wp-content\/uploads\/2025\/11\/carbon-fiber-compression-molding-process.webp\" alt=\"Processo de moldagem por compress\u00e3o de fibra de carbono\" class=\"wp-image-7795\" srcset=\"\/\/www.alizn-carbon-fiber.com\/wp-content\/uploads\/2025\/11\/carbon-fiber-compression-molding-process.webp 1920w, \/\/www.alizn-carbon-fiber.com\/wp-content\/uploads\/2025\/11\/carbon-fiber-compression-molding-process-600x338.webp 600w, \/\/www.alizn-carbon-fiber.com\/wp-content\/uploads\/2025\/11\/carbon-fiber-compression-molding-process-768x432.webp 768w, \/\/www.alizn-carbon-fiber.com\/wp-content\/uploads\/2025\/11\/carbon-fiber-compression-molding-process-1536x864.webp 1536w, \/\/www.alizn-carbon-fiber.com\/wp-content\/uploads\/2025\/11\/carbon-fiber-compression-molding-process-18x10.webp 18w\" sizes=\"(max-width: 1920px) 100vw, 1920px\" \/><\/figure>\n\n\n\n<h3 class=\"wp-block-heading\" id=\"h-cooling-and-demolding-with-precision\">Resfriamento e desmoldagem com precis\u00e3o<\/h3>\n\n\n\n<p>Ap\u00f3s a compress\u00e3o, o molde entra na fase de resfriamento. Canais de resfriamento a \u00e1gua ou jatos de ar reduzem as temperaturas de forma constante para evitar choques t\u00e9rmicos que possam causar deforma\u00e7\u00f5es. Na Alizn, usamos controladores l\u00f3gicos program\u00e1veis (PLCs) para gerenciar isso, aderindo a taxas de resfriamento de 5 a 10\u00b0C por minuto.<\/p>\n\n\n\n<p>Em seguida, ocorre a desmoldagem, quando a prensa se abre e os pinos ejetores empurram suavemente a pe\u00e7a para fora. Os t\u00e9cnicos inspecionam imediatamente a exist\u00eancia de fissuras ou imperfei\u00e7\u00f5es, usando medidores padronizados para verificar as dimens\u00f5es.<\/p>\n\n\n\n<h3 class=\"wp-block-heading\" id=\"h-post-processing-to-refine-carbon-fiber-parts\">P\u00f3s-processamento para refinar pe\u00e7as de fibra de carbono<\/h3>\n\n\n\n<p>A linha de produ\u00e7\u00e3o de moldagem por compress\u00e3o de fibra de carbono continua com o p\u00f3s-processamento em esta\u00e7\u00f5es dedicadas. O corte do excesso de material \u00e9 feito com roteadores CNC ou jatos de \u00e1gua abrasivos, programados de acordo com suas especifica\u00e7\u00f5es exatas. As bordas s\u00e3o rebarbadas manualmente ou por m\u00e1quina para obter acabamentos suaves.<\/p>\n\n\n\n<p>O lixamento e o polimento melhoram a qualidade da superf\u00edcie, geralmente com um acabamento Classe A para aplica\u00e7\u00f5es est\u00e9ticas. Aplicamos revestimentos como camadas transparentes resistentes a raios UV, se necess\u00e1rio, cozidos em fornos a temperaturas controladas. A padroniza\u00e7\u00e3o aqui inclui testes de lote para n\u00edveis de ades\u00e3o e brilho.<\/p>\n\n\n\n<figure class=\"wp-block-image size-full\"><img loading=\"lazy\" decoding=\"async\" width=\"1920\" height=\"1080\" src=\"https:\/\/www.alizn-carbon-fiber.com\/wp-content\/uploads\/2025\/04\/carbon-fiber-surface-treatment-sanding-area.webp\" alt=\"\u00c1rea de lixamento para tratamento de superf\u00edcie de fibra de carbono\" class=\"wp-image-4521\" srcset=\"\/\/www.alizn-carbon-fiber.com\/wp-content\/uploads\/2025\/04\/carbon-fiber-surface-treatment-sanding-area.webp 1920w, \/\/www.alizn-carbon-fiber.com\/wp-content\/uploads\/2025\/04\/carbon-fiber-surface-treatment-sanding-area-600x338.webp 600w, \/\/www.alizn-carbon-fiber.com\/wp-content\/uploads\/2025\/04\/carbon-fiber-surface-treatment-sanding-area-768x432.webp 768w, \/\/www.alizn-carbon-fiber.com\/wp-content\/uploads\/2025\/04\/carbon-fiber-surface-treatment-sanding-area-1536x864.webp 1536w\" sizes=\"(max-width: 1920px) 100vw, 1920px\" \/><\/figure>\n\n\n\n<h3 class=\"wp-block-heading\" id=\"h-quality-control-throughout-the-line\">Controle de qualidade em toda a linha<\/h3>\n\n\n\n<p>O controle de qualidade est\u00e1 presente em todos os aspectos da nossa linha de produ\u00e7\u00e3o de moldagem por compress\u00e3o de fibra de carbono. Testes n\u00e3o destrutivos, como a varredura ultrass\u00f4nica, detectam vazios internos.<\/p>\n\n\n\n<p>Tamb\u00e9m realizamos testes mec\u00e2nicos em amostras de cada execu\u00e7\u00e3o, medindo a resist\u00eancia \u00e0 tra\u00e7\u00e3o e o m\u00f3dulo de flex\u00e3o de acordo com as normas ASTM. Como cliente, esse regime rigoroso significa que voc\u00ea recebe pe\u00e7as de fibra de carbono com certificados de conformidade, aumentando sua confian\u00e7a na Alizn.<\/p>\n\n\n\n<p>Para fornecer uma vis\u00e3o geral clara de nossos testes padronizados, aqui est\u00e1 uma tabela que detalha as principais verifica\u00e7\u00f5es de qualidade em v\u00e1rios est\u00e1gios:<\/p>\n\n\n\n<figure class=\"wp-block-table\"><table class=\"has-fixed-layout\"><thead><tr><th>Est\u00e1gio na linha de produ\u00e7\u00e3o<\/th><th>Verifica\u00e7\u00e3o de qualidade realizada<\/th><th>Padr\u00e3o aplicado<\/th><th>N\u00edvel de toler\u00e2ncia<\/th><th>Frequ\u00eancia<\/th><\/tr><\/thead><tbody><tr><td>Prepara\u00e7\u00e3o de materiais<\/td><td>Inspe\u00e7\u00e3o de fibras e precis\u00e3o de corte<\/td><td>ISO 9001<\/td><td>\u00b10,1 mm<\/td><td>Cada lote<\/td><\/tr><tr><td>Camadas e pr\u00e9-forma<\/td><td>Verifica\u00e7\u00e3o da orienta\u00e7\u00e3o da camada<\/td><td>ASTM D3039<\/td><td>Conformidade 100%<\/td><td>Por desempenho<\/td><\/tr><tr><td>Configura\u00e7\u00e3o e carregamento do molde<\/td><td>Cobertura do agente de libera\u00e7\u00e3o<\/td><td>Protocolo interno<\/td><td>Aplicativo de uniforme<\/td><td>Por ciclo de molde<\/td><\/tr><tr><td>Aquecimento e compress\u00e3o<\/td><td>Monitoramento de temperatura e press\u00e3o<\/td><td>Calibra\u00e7\u00e3o de PLC<\/td><td>\u00b15% Desvio<\/td><td>Em tempo real<\/td><\/tr><tr><td>Resfriamento e desmoldagem<\/td><td>Aferi\u00e7\u00e3o dimensional<\/td><td>Precis\u00e3o da CMM<\/td><td>\u00b10,05mm<\/td><td>Cada parte<\/td><\/tr><tr><td>P\u00f3s-processamento<\/td><td>Medi\u00e7\u00e3o do acabamento da superf\u00edcie<\/td><td>Medidor de brilho<\/td><td>Ra &lt; 0,8\u00b5m<\/td><td>Amostra por lote<\/td><\/tr><tr><td>Controle de qualidade final<\/td><td>Testes mec\u00e2nicos<\/td><td>ASTM D790<\/td><td>Taxa de aprova\u00e7\u00e3o &gt;95%<\/td><td>1 em 50 pe\u00e7as<\/td><\/tr><\/tbody><\/table><\/figure>\n\n\n\n<p>Essa tabela ilustra como nossa moldagem por compress\u00e3o de fibra de carbono segue os padr\u00f5es, garantindo confiabilidade para suas aplica\u00e7\u00f5es.<\/p>\n\n\n\n<figure class=\"wp-block-image size-full\"><img loading=\"lazy\" decoding=\"async\" width=\"1920\" height=\"1080\" src=\"https:\/\/www.alizn-carbon-fiber.com\/wp-content\/uploads\/2025\/04\/carbon-fiber-quality-control-room-1.webp\" alt=\"sala de controle de qualidade de fibra de carbono\" class=\"wp-image-4534\" srcset=\"\/\/www.alizn-carbon-fiber.com\/wp-content\/uploads\/2025\/04\/carbon-fiber-quality-control-room-1.webp 1920w, \/\/www.alizn-carbon-fiber.com\/wp-content\/uploads\/2025\/04\/carbon-fiber-quality-control-room-1-600x338.webp 600w, \/\/www.alizn-carbon-fiber.com\/wp-content\/uploads\/2025\/04\/carbon-fiber-quality-control-room-1-768x432.webp 768w, \/\/www.alizn-carbon-fiber.com\/wp-content\/uploads\/2025\/04\/carbon-fiber-quality-control-room-1-1536x864.webp 1536w\" sizes=\"(max-width: 1920px) 100vw, 1920px\" \/><\/figure>\n\n\n\n<h3 class=\"wp-block-heading\" id=\"h-applications-of-carbon-fiber-compression-molding\">Aplica\u00e7\u00f5es da moldagem por compress\u00e3o de fibra de carbono<\/h3>\n\n\n\n<figure class=\"wp-block-table\"><table class=\"has-fixed-layout\"><thead><tr><th>Setor de aplicativos<\/th><th>Links de produtos<\/th><\/tr><\/thead><tbody><tr><td>Automotivo<\/td><td><a href=\"https:\/\/www.alizn-carbon-fiber.com\/pt\/pecas-automotivas-personalizadas-em-fibra-de-carbono\/capos-personalizados-de-fibra-de-carbono\/\">Capuzes<\/a>, <a href=\"https:\/\/www.alizn-carbon-fiber.com\/pt\/pecas-automotivas-personalizadas-em-fibra-de-carbono\/capo-de-fibra-de-carbono-do-370z\/\">Cap\u00f4 do 370Z<\/a>, <a href=\"https:\/\/www.alizn-carbon-fiber.com\/pt\/pecas-automotivas-personalizadas-em-fibra-de-carbono\/capo-de-fibra-de-carbono-do-350z\/\">Cap\u00f4 do 350Z<\/a>, <a href=\"https:\/\/www.alizn-carbon-fiber.com\/pt\/pecas-automotivas-personalizadas-em-fibra-de-carbono\/capo-de-fibra-de-carbono-do-g37\/\">Cap\u00f4 do G37<\/a>, <a href=\"https:\/\/www.alizn-carbon-fiber.com\/pt\/pecas-automotivas-personalizadas-em-fibra-de-carbono\/capo-do-g35-em-fibra-de-carbono\/\">Cap\u00f4 do G35<\/a>, <a href=\"https:\/\/www.alizn-carbon-fiber.com\/pt\/pecas-automotivas-personalizadas-em-fibra-de-carbono\/capo-de-fibra-de-carbono-do-camaro\/\">Cap\u00f4 do Camaro<\/a>, <a href=\"https:\/\/www.alizn-carbon-fiber.com\/pt\/pecas-automotivas-personalizadas-em-fibra-de-carbono\/capo-de-fibra-de-carbono-do-rsx\/\">Cap\u00f4 do RSX<\/a>, <a href=\"https:\/\/www.alizn-carbon-fiber.com\/pt\/pecas-automotivas-personalizadas-em-fibra-de-carbono\/portas-de-carro-personalizadas-em-fibra-de-carbono\/\">Portas<\/a>, <a href=\"https:\/\/www.alizn-carbon-fiber.com\/pt\/pecas-automotivas-personalizadas-em-fibra-de-carbono\/volante-de-fibra-de-carbono-personalizado\/\">Volante de dire\u00e7\u00e3o<\/a>, <a href=\"https:\/\/www.alizn-carbon-fiber.com\/pt\/pecas-automotivas-personalizadas-em-fibra-de-carbono\/rodas-de-fibra-de-carbono-personalizadas\/\">Rodas<\/a>, <a href=\"https:\/\/www.alizn-carbon-fiber.com\/pt\/pecas-automotivas-personalizadas-em-fibra-de-carbono\/spoiler-de-fibra-de-carbono-personalizado\/\">Spoiler<\/a>, <a href=\"https:\/\/www.alizn-carbon-fiber.com\/pt\/pecas-automotivas-personalizadas-em-fibra-de-carbono\/moldura-de-placa-de-licenca-de-fibra-de-carbono-personalizada\/\">Moldura da placa de licen\u00e7a<\/a>, <a href=\"https:\/\/www.alizn-carbon-fiber.com\/pt\/pecas-automotivas-personalizadas-em-fibra-de-carbono\/para-lamas-de-fibra-de-carbono-personalizados\/\">Para-lamas<\/a>, <a href=\"https:\/\/www.alizn-carbon-fiber.com\/pt\/pecas-automotivas-personalizadas-em-fibra-de-carbono\/interior-de-fibra-de-carbono-personalizado\/\">Interior<\/a>, <a href=\"https:\/\/www.alizn-carbon-fiber.com\/pt\/pecas-automotivas-personalizadas-em-fibra-de-carbono\/assentos-personalizados-de-fibra-de-carbono\/\">Assentos<\/a>, <a href=\"https:\/\/www.alizn-carbon-fiber.com\/pt\/pecas-automotivas-personalizadas-em-fibra-de-carbono\/asa-de-fibra-de-carbono-personalizada\/\">Asa<\/a>, <a href=\"https:\/\/www.alizn-carbon-fiber.com\/pt\/pecas-automotivas-personalizadas-em-fibra-de-carbono\/capas-de-espelho-personalizadas-em-fibra-de-carbono\/\">Capas de espelho<\/a>, Para-choques, capas de motor, componentes do chassi<\/td><\/tr><tr><td>Esportes, recrea\u00e7\u00e3o e transporte<\/td><td><a href=\"https:\/\/www.alizn-carbon-fiber.com\/pt\/bicicleta-de-fibra-de-carbono-personalizada-para-motocicletas\/capacetes-personalizados-de-fibra-de-carbono\/\">Capacetes<\/a>, <a href=\"https:\/\/www.alizn-carbon-fiber.com\/pt\/bicicleta-de-fibra-de-carbono-personalizada-para-motocicletas\/quadro-de-bicicleta-de-fibra-de-carbono-personalizado\/\">Quadro de bicicleta<\/a>, <a href=\"https:\/\/www.alizn-carbon-fiber.com\/pt\/bicicleta-de-fibra-de-carbono-personalizada-para-motocicletas\/guidao-de-fibra-de-carbono-personalizado\/\">Guid\u00e3o<\/a>, <a href=\"https:\/\/www.alizn-carbon-fiber.com\/pt\/bicicleta-de-fibra-de-carbono-personalizada-para-motocicletas\/carenagens-personalizadas-de-fibra-de-carbono\/\">Carenagens<\/a>, <a href=\"https:\/\/www.alizn-carbon-fiber.com\/pt\/bicicleta-de-fibra-de-carbono-personalizada-para-motocicletas\/avanco-de-bicicleta-de-fibra-de-carbono-personalizado\/\">Haste de bicicleta<\/a>, <a href=\"https:\/\/www.alizn-carbon-fiber.com\/pt\/bicicleta-de-fibra-de-carbono-personalizada-para-motocicletas\/garfos-de-bicicleta-de-fibra-de-carbono-personalizados\/\">Garfos de bicicleta<\/a>, <a href=\"https:\/\/www.alizn-carbon-fiber.com\/pt\/bicicleta-de-fibra-de-carbono-personalizada-para-motocicletas\/selim-de-fibra-de-carbono-personalizado-para-bicicletas\/\">Selim de bicicleta<\/a>, <a href=\"https:\/\/www.alizn-carbon-fiber.com\/pt\/pecas-esportivas-personalizadas-de-fibra-de-carbono\/afo-de-fibra-de-carbono-personalizado\/\">AFO<\/a>, <a href=\"https:\/\/www.alizn-carbon-fiber.com\/pt\/pecas-esportivas-personalizadas-de-fibra-de-carbono\/capacetes-de-fibra-de-carbono-personalizados\/\">Capacetes r\u00edgidos<\/a>, <a href=\"https:\/\/www.alizn-carbon-fiber.com\/pt\/pecas-esportivas-personalizadas-de-fibra-de-carbono\/palmilhas-personalizadas-de-fibra-de-carbono\/\">Palmilhas<\/a>, <a href=\"https:\/\/www.alizn-carbon-fiber.com\/pt\/pecas-esportivas-personalizadas-de-fibra-de-carbono\/caneleiras-de-fibra-de-carbono\/\">Caneleiras<\/a>, <a href=\"https:\/\/www.alizn-carbon-fiber.com\/pt\/pecas-esportivas-personalizadas-de-fibra-de-carbono\/remo-de-caiaque-de-fibra-de-carbono-personalizado\/\">Remo de caiaque<\/a>, <a href=\"https:\/\/www.alizn-carbon-fiber.com\/pt\/tubo-de-fibra-de-carbono-personalizado\/tacos-de-golfe-personalizados-de-fibra-de-carbono\/\">Tacos de golfe<\/a>, <a href=\"https:\/\/www.alizn-carbon-fiber.com\/pt\/folha-de-fibra-de-carbono-personalizada\/raquete-de-pickleball-de-fibra-de-carbono-personalizada\/\">Raquete de Pickleball<\/a>, <a href=\"https:\/\/www.alizn-carbon-fiber.com\/pt\/folha-de-fibra-de-carbono-personalizada\/skate-de-fibra-de-carbono-personalizado\/\">Skate<\/a>, <a href=\"https:\/\/www.alizn-carbon-fiber.com\/pt\/tubo-de-fibra-de-carbono-personalizado\/flechas-de-fibra-de-carbono-personalizadas\/\">Setas<\/a>, <a href=\"https:\/\/www.alizn-carbon-fiber.com\/pt\/tubo-de-fibra-de-carbono-personalizado\/varas-de-pesca-de-fibra-de-carbono-personalizadas\/\">Varas de pesca<\/a>, <a href=\"https:\/\/www.alizn-carbon-fiber.com\/pt\/tubo-de-fibra-de-carbono-personalizado\/taco-de-bilhar-de-fibra-de-carbono-personalizado\/\">Taco de sinuca<\/a>, <a href=\"https:\/\/www.alizn-carbon-fiber.com\/pt\/tubo-de-fibra-de-carbono-personalizado\/poste-de-fibra-de-carbono-personalizado\/\">Poste<\/a>, <a href=\"https:\/\/www.alizn-carbon-fiber.com\/pt\/tubo-de-fibra-de-carbono-personalizado\/espigao-de-selim-de-fibra-de-carbono-personalizado\/\">Espig\u00e3o de selim<\/a>, <a href=\"https:\/\/www.alizn-carbon-fiber.com\/pt\/tubo-de-fibra-de-carbono-personalizado\/haste-de-fibra-de-carbono-personalizada\/\">Vara<\/a>, Tanques de combust\u00edvel, tampas de escapamento, bra\u00e7os oscilantes, tacos de h\u00f3quei, raquetes de t\u00eanis, bast\u00f5es de esqui, cascos de barcos, se\u00e7\u00f5es de mastro, l\u00e2minas de leme<\/td><\/tr><tr><td>Bens de consumo e acess\u00f3rios<\/td><td><a href=\"https:\/\/www.alizn-carbon-fiber.com\/pt\/pecas-esportivas-personalizadas-de-fibra-de-carbono\/capa-de-celular-de-fibra-de-carbono-personalizada\/\">Capa para celular<\/a>, <a href=\"https:\/\/www.alizn-carbon-fiber.com\/pt\/pecas-esportivas-personalizadas-de-fibra-de-carbono\/anel-de-fibra-de-carbono-personalizado\/\">Anel<\/a>, <a href=\"https:\/\/www.alizn-carbon-fiber.com\/pt\/pecas-esportivas-personalizadas-de-fibra-de-carbono\/calcados-personalizados-de-fibra-de-carbono\/\">Cal\u00e7ados<\/a>, <a href=\"https:\/\/www.alizn-carbon-fiber.com\/pt\/pecas-esportivas-personalizadas-de-fibra-de-carbono\/guitarra-personalizada-de-fibra-de-carbono\/\">Viol\u00e3o<\/a>, <a href=\"https:\/\/www.alizn-carbon-fiber.com\/pt\/pecas-esportivas-personalizadas-de-fibra-de-carbono\/carteira-de-fibra-de-carbono-personalizada\/\">Carteira<\/a>, <a href=\"https:\/\/www.alizn-carbon-fiber.com\/pt\/pecas-esportivas-personalizadas-de-fibra-de-carbono\/oculos-de-fibra-de-carbono-personalizados\/\">\u00d3culos<\/a>, <a href=\"https:\/\/www.alizn-carbon-fiber.com\/pt\/pecas-esportivas-personalizadas-de-fibra-de-carbono\/faca-de-fibra-de-carbono-personalizada\/\">Faca<\/a>, <a href=\"https:\/\/www.alizn-carbon-fiber.com\/pt\/pecas-esportivas-personalizadas-de-fibra-de-carbono\/relogio-de-fibra-de-carbono-personalizado\/\">Assista<\/a>, <a href=\"https:\/\/www.alizn-carbon-fiber.com\/pt\/pecas-esportivas-personalizadas-de-fibra-de-carbono\/protetor-de-mao-de-fibra-de-carbono-personalizado\/\">Protetor de m\u00e3o<\/a>, <a href=\"https:\/\/www.alizn-carbon-fiber.com\/pt\/pecas-esportivas-personalizadas-de-fibra-de-carbono\/violoncelo-de-fibra-de-carbono-personalizado\/\">Violoncelo<\/a>, <a href=\"https:\/\/www.alizn-carbon-fiber.com\/pt\/pecas-esportivas-personalizadas-de-fibra-de-carbono\/mouse-de-fibra-de-carbono-personalizado\/\">Mouse<\/a>, <a href=\"https:\/\/www.alizn-carbon-fiber.com\/pt\/folha-de-fibra-de-carbono-personalizada\/mesa-de-fibra-de-carbono-personalizada\/\">Mesa<\/a>, caixas de charuto, caixas de laptop, pain\u00e9is de m\u00f3veis, caixas de drones, caixas de c\u00e2meras, suportes de placas de circuito<\/td><\/tr><tr><td>Dispositivos m\u00e9dicos e de assist\u00eancia<\/td><td><a href=\"https:\/\/www.alizn-carbon-fiber.com\/pt\/pecas-esportivas-personalizadas-de-fibra-de-carbono\/cadeira-de-rodas-personalizada-em-fibra-de-carbono\/\">Cadeira de rodas<\/a>, pr\u00f3teses, aparelhos ortop\u00e9dicos, bandejas cir\u00fargicas<\/td><\/tr><tr><td>Industrial, aeroespacial e de defesa<\/td><td><a href=\"https:\/\/www.alizn-carbon-fiber.com\/pt\/tubo-de-fibra-de-carbono-personalizado\/tripe-de-fibra-de-carbono-personalizado\/\">Trip\u00e9<\/a>, <a href=\"https:\/\/www.alizn-carbon-fiber.com\/pt\/tubo-de-fibra-de-carbono-personalizado\/barril-de-fibra-de-carbono-personalizado\/\">Barril<\/a>, <a href=\"https:\/\/www.alizn-carbon-fiber.com\/pt\/tubo-de-fibra-de-carbono-personalizado\/tubo-de-fibra-de-carbono-de-3-polegadas-e-76-mm-de-diametro\/\">Tubo de 76 mm de di\u00e2metro externo de 3 polegadas<\/a>, <a href=\"https:\/\/www.alizn-carbon-fiber.com\/pt\/tubo-de-fibra-de-carbono-personalizado\/tubo-de-fibra-de-carbono-de-2-polegadas\/\">Tubo de 2 polegadas<\/a>, <a href=\"https:\/\/www.alizn-carbon-fiber.com\/pt\/tubo-de-fibra-de-carbono-personalizado\/tubo-de-fibra-de-carbono-de-5-polegadas\/\">Tubo de 5 polegadas<\/a>, <a href=\"https:\/\/www.alizn-carbon-fiber.com\/pt\/tubo-de-fibra-de-carbono-personalizado\/tubo-de-fibra-de-carbono-de-1-polegada\/\">Tubo de 1 polegada<\/a>, <a href=\"https:\/\/www.alizn-carbon-fiber.com\/pt\/tubo-de-fibra-de-carbono-personalizado\/tubo-de-fibra-de-carbono-de-4-polegadas\/\">Tubo de 4 polegadas<\/a>, <a href=\"https:\/\/www.alizn-carbon-fiber.com\/pt\/tubo-de-fibra-de-carbono-personalizado\/tubo-quadrado-de-fibra-de-carbono\/\">Tubo quadrado<\/a>, <a href=\"https:\/\/www.alizn-carbon-fiber.com\/pt\/tubo-de-fibra-de-carbono-personalizado\/tubo-de-fibra-de-carbono-de-1-5-polegadas\/\">Tubo de 1,5 polegada<\/a>, <a href=\"https:\/\/www.alizn-carbon-fiber.com\/pt\/tubo-de-fibra-de-carbono-personalizado\/tubo-redondo-de-fibra-de-carbono\/\">Tubo redondo<\/a>, <a href=\"https:\/\/www.alizn-carbon-fiber.com\/pt\/tubo-de-fibra-de-carbono-personalizado\/haste-de-fibra-de-carbono\/\">Vara<\/a>, <a href=\"https:\/\/www.alizn-carbon-fiber.com\/pt\/pecas-esportivas-personalizadas-de-fibra-de-carbono\/capacetes-de-fibra-de-carbono-personalizados\/\">Capacetes r\u00edgidos<\/a>, <a href=\"https:\/\/www.alizn-carbon-fiber.com\/pt\/pecas-esportivas-personalizadas-de-fibra-de-carbono\/protetor-de-mao-de-fibra-de-carbono-personalizado\/\">Protetor de m\u00e3o<\/a>, A maioria dos componentes de ve\u00edculos de lan\u00e7amento \u00e9 composta por: gabinetes de m\u00e1quinas, moldes de ferramentas, bra\u00e7os rob\u00f3ticos, pain\u00e9is de fuselagem, longarinas de asas, estruturas de sat\u00e9lites, componentes de ve\u00edculos de lan\u00e7amento, placas de blindagem, pain\u00e9is de ve\u00edculos, estruturas de drones<\/td><\/tr><\/tbody><\/table><\/figure>\n\n\n\n<h3 class=\"wp-block-heading\" id=\"h-faq-about-carbon-fiber-compression-molding\">Perguntas frequentes sobre moldagem por compress\u00e3o de fibra de carbono<\/h3>\n\n\n\n<div class=\"schema-faq wp-block-yoast-faq-block\"><div class=\"schema-faq-section\" id=\"faq-question-1763942778595\"><strong class=\"schema-faq-question\">Quais s\u00e3o as principais vantagens da moldagem por compress\u00e3o de fibra de carbono?<\/strong> <p class=\"schema-faq-answer\">Ele oferece <strong>Alta resist\u00eancia, baixo peso, dimens\u00f5es est\u00e1veis, tempo de ciclo r\u00e1pido<\/strong>, e \u00e9 adequado para produ\u00e7\u00e3o em massa.<\/p> <\/div> <div class=\"schema-faq-section\" id=\"faq-question-1763943253904\"><strong class=\"schema-faq-question\">Qual espessura de parede pode ser obtida?<\/strong> <p class=\"schema-faq-answer\">A espessura t\u00edpica da parede \u00e9 <strong>1,0-3,0 mm<\/strong>, dependendo do material, do molde e do projeto da pe\u00e7a.<\/p> <\/div> <div class=\"schema-faq-section\" id=\"faq-question-1763943468002\"><strong class=\"schema-faq-question\">O processo consegue obter um acabamento de superf\u00edcie de alta qualidade?<\/strong> <p class=\"schema-faq-answer\">Sim. Ele suporta <strong>Acabamento de superf\u00edcie classe A<\/strong>, O produto deve ter uma textura lisa e uniforme - fosca, brilhante ou pintada.<\/p> <\/div> <div class=\"schema-faq-section\" id=\"faq-question-1763943483489\"><strong class=\"schema-faq-question\">Quais toler\u00e2ncias dimensionais podem ser alcan\u00e7adas?<\/strong> <p class=\"schema-faq-answer\">Com ferramentas de metal, as toler\u00e2ncias de <strong>\u00b10,2 mm<\/strong> s\u00e3o comuns e adequados para a maioria das aplica\u00e7\u00f5es industriais.<\/p> <\/div> <div class=\"schema-faq-section\" id=\"faq-question-1763943554049\"><strong class=\"schema-faq-question\">O processo suporta moldagem por inser\u00e7\u00e3o?<\/strong> <p class=\"schema-faq-answer\">Sim. <strong>Insertos met\u00e1licos, porcas rosqueadas e placas de refor\u00e7o<\/strong> podem ser integrados durante a moldagem.<\/p> <\/div> <div class=\"schema-faq-section\" id=\"faq-question-1763943566566\"><strong class=\"schema-faq-question\">E quanto ao custo das ferramentas e ao tempo de espera?<\/strong> <p class=\"schema-faq-answer\">Os moldes de compress\u00e3o s\u00e3o geralmente de a\u00e7o ou alum\u00ednio. O prazo de entrega geralmente \u00e9 de <strong>3-6 semanas<\/strong>, dependendo da complexidade.<\/p> <\/div> <\/div>\n\n\n\n<h3 class=\"wp-block-heading\">Considera\u00e7\u00f5es finais<\/h3>\n\n\n\n<p>Como especialistas em materiais compostos, estamos dispostos a&nbsp;<a href=\"https:\/\/wa.me\/8618930689530\">fornecer a voc\u00ea<\/a>&nbsp;com assist\u00eancia essencial. O julgamento correto agora evita custos excessivos, atrasos e resultados decepcionantes mais tarde.<\/p>\n\n\n\n<p>Precisa de orienta\u00e7\u00e3o sobre sua pe\u00e7a de fibra de carbono personalizada?&nbsp;<a href=\"https:\/\/www.alizn-carbon-fiber.com\/pt\/entre-em-contato-com-a-fabrica-do-alizn\/\">Entre em contato com a nossa equipe para obter orienta\u00e7\u00e3o especializada<\/a>.<\/p>","protected":false},"excerpt":{"rendered":"<p>Como um cliente em potencial que busca fontes confi\u00e1veis de compostos de alta qualidade, voc\u00ea pode estar curioso para saber como as pe\u00e7as de fibra de carbono s\u00e3o fabricadas com precis\u00e3o e consist\u00eancia. Na Alizn, somos um fabricante dedicado de pe\u00e7as de fibra de carbono, especializado na produ\u00e7\u00e3o de v\u00e1rias pe\u00e7as de fibra de carbono para setores que v\u00e3o do automotivo ao aeroespacial. Neste guia abrangente, vamos gui\u00e1-lo pela linha de produ\u00e7\u00e3o de moldagem por compress\u00e3o de fibra de carbono, com base em nossa experi\u00eancia profissional para instru\u00ed-lo a partir de sua perspectiva. Nosso objetivo \u00e9 desmistificar o processo, fazendo com que voc\u00ea se sinta como se estivesse visitando nossa f\u00e1brica, para que possa confiar que cada etapa segue padr\u00f5es rigorosos para obter resultados superiores.<\/p>","protected":false},"author":1,"featured_media":4542,"comment_status":"closed","ping_status":"open","sticky":false,"template":"","format":"standard","meta":{"site-sidebar-layout":"default","site-content-layout":"","ast-site-content-layout":"default","site-content-style":"default","site-sidebar-style":"default","ast-global-header-display":"","ast-banner-title-visibility":"","ast-main-header-display":"","ast-hfb-above-header-display":"","ast-hfb-below-header-display":"","ast-hfb-mobile-header-display":"","site-post-title":"","ast-breadcrumbs-content":"","ast-featured-img":"","footer-sml-layout":"","ast-disable-related-posts":"","theme-transparent-header-meta":"","adv-header-id-meta":"","stick-header-meta":"","header-above-stick-meta":"","header-main-stick-meta":"","header-below-stick-meta":"","astra-migrate-meta-layouts":"set","ast-page-background-enabled":"default","ast-page-background-meta":{"desktop":{"background-color":"","background-image":"","background-repeat":"repeat","background-position":"center center","background-size":"auto","background-attachment":"scroll","background-type":"","background-media":"","overlay-type":"","overlay-color":"","overlay-opacity":"","overlay-gradient":""},"tablet":{"background-color":"","background-image":"","background-repeat":"repeat","background-position":"center center","background-size":"auto","background-attachment":"scroll","background-type":"","background-media":"","overlay-type":"","overlay-color":"","overlay-opacity":"","overlay-gradient":""},"mobile":{"background-color":"","background-image":"","background-repeat":"repeat","background-position":"center center","background-size":"auto","background-attachment":"scroll","background-type":"","background-media":"","overlay-type":"","overlay-color":"","overlay-opacity":"","overlay-gradient":""}},"ast-content-background-meta":{"desktop":{"background-color":"var(--ast-global-color-5)","background-image":"","background-repeat":"repeat","background-position":"center center","background-size":"auto","background-attachment":"scroll","background-type":"","background-media":"","overlay-type":"","overlay-color":"","overlay-opacity":"","overlay-gradient":""},"tablet":{"background-color":"var(--ast-global-color-5)","background-image":"","background-repeat":"repeat","background-position":"center center","background-size":"auto","background-attachment":"scroll","background-type":"","background-media":"","overlay-type":"","overlay-color":"","overlay-opacity":"","overlay-gradient":""},"mobile":{"background-color":"var(--ast-global-color-5)","background-image":"","background-repeat":"repeat","background-position":"center center","background-size":"auto","background-attachment":"scroll","background-type":"","background-media":"","overlay-type":"","overlay-color":"","overlay-opacity":"","overlay-gradient":""}},"footnotes":""},"categories":[12,21],"tags":[24],"class_list":["post-7787","post","type-post","status-publish","format-standard","has-post-thumbnail","hentry","category-custom-carbon-fiber-knowledge","category-custom-carbon-fiber-wiki","tag-carbon-fiber-production-line"],"yoast_head":"<!-- This site is optimized with the Yoast SEO Premium plugin v26.3 (Yoast SEO v27.1.1) - https:\/\/yoast.com\/product\/yoast-seo-premium-wordpress\/ -->\n<title>Carbon Fiber Compression Molding Production Line - Alizn<\/title>\n<meta name=\"description\" content=\"We\u2019ll walk you through the carbon fiber compression molding production line, drawing on our professional expertise to educate you.\" \/>\n<meta name=\"robots\" content=\"index, follow, max-snippet:-1, max-image-preview:large, max-video-preview:-1\" \/>\n<link rel=\"canonical\" href=\"https:\/\/www.alizn-carbon-fiber.com\/pt\/linha-de-producao-de-moldagem-por-compressao-de-fibra-de-carbono\/\" \/>\n<meta property=\"og:locale\" content=\"pt_BR\" \/>\n<meta property=\"og:type\" content=\"article\" \/>\n<meta property=\"og:title\" content=\"Carbon Fiber Compression Molding Production Line\" \/>\n<meta property=\"og:description\" content=\"We\u2019ll walk you through the carbon fiber compression molding production line, drawing on our professional expertise to educate you.\" \/>\n<meta property=\"og:url\" content=\"https:\/\/www.alizn-carbon-fiber.com\/pt\/linha-de-producao-de-moldagem-por-compressao-de-fibra-de-carbono\/\" \/>\n<meta property=\"og:site_name\" content=\"Alizn\" \/>\n<meta property=\"article:publisher\" content=\"https:\/\/www.facebook.com\/alizncarbon\" \/>\n<meta property=\"article:published_time\" content=\"2025-11-24T04:49:58+00:00\" \/>\n<meta property=\"article:modified_time\" content=\"2025-11-24T04:50:00+00:00\" \/>\n<meta property=\"og:image\" content=\"https:\/\/www.alizn-carbon-fiber.com\/wp-content\/uploads\/2025\/05\/carbon-fiber-molding-process-RTM.webp\" \/>\n\t<meta property=\"og:image:width\" content=\"1920\" \/>\n\t<meta property=\"og:image:height\" content=\"1080\" \/>\n\t<meta property=\"og:image:type\" content=\"image\/webp\" \/>\n<meta name=\"author\" content=\"Alizn\" \/>\n<meta name=\"twitter:card\" content=\"summary_large_image\" \/>\n<meta name=\"twitter:creator\" content=\"@alizncarbon\" \/>\n<meta name=\"twitter:site\" content=\"@alizncarbon\" \/>\n<meta name=\"twitter:label1\" content=\"Escrito por\" \/>\n\t<meta name=\"twitter:data1\" content=\"Alizn\" \/>\n\t<meta name=\"twitter:label2\" content=\"Est. tempo de leitura\" \/>\n\t<meta name=\"twitter:data2\" content=\"11 minutos\" \/>\n<script type=\"application\/ld+json\" class=\"yoast-schema-graph\">{\"@context\":\"https:\/\/schema.org\",\"@graph\":[{\"@type\":\"Article\",\"@id\":\"https:\/\/www.alizn-carbon-fiber.com\/carbon-fiber-compression-molding-production-line\/#article\",\"isPartOf\":{\"@id\":\"https:\/\/www.alizn-carbon-fiber.com\/carbon-fiber-compression-molding-production-line\/\"},\"author\":{\"name\":\"Alizn\",\"@id\":\"https:\/\/www.alizn-carbon-fiber.com\/#\/schema\/person\/aa683e4d307323019d85f49ca1bb99b0\"},\"headline\":\"Carbon Fiber Compression Molding Production Line\",\"datePublished\":\"2025-11-24T04:49:58+00:00\",\"dateModified\":\"2025-11-24T04:50:00+00:00\",\"mainEntityOfPage\":{\"@id\":\"https:\/\/www.alizn-carbon-fiber.com\/carbon-fiber-compression-molding-production-line\/\"},\"wordCount\":1757,\"publisher\":{\"@id\":\"https:\/\/www.alizn-carbon-fiber.com\/#organization\"},\"image\":{\"@id\":\"https:\/\/www.alizn-carbon-fiber.com\/carbon-fiber-compression-molding-production-line\/#primaryimage\"},\"thumbnailUrl\":\"https:\/\/www.alizn-carbon-fiber.com\/wp-content\/uploads\/2025\/05\/carbon-fiber-molding-process-RTM.webp\",\"keywords\":[\"Carbon fiber production line\"],\"articleSection\":[\"Custom Carbon Fiber Knowledge\",\"Custom Carbon Fiber WiKi\"],\"inLanguage\":\"pt-BR\"},{\"@type\":[\"WebPage\",\"FAQPage\"],\"@id\":\"https:\/\/www.alizn-carbon-fiber.com\/carbon-fiber-compression-molding-production-line\/\",\"url\":\"https:\/\/www.alizn-carbon-fiber.com\/carbon-fiber-compression-molding-production-line\/\",\"name\":\"Carbon Fiber Compression Molding Production Line - Alizn\",\"isPartOf\":{\"@id\":\"https:\/\/www.alizn-carbon-fiber.com\/#website\"},\"primaryImageOfPage\":{\"@id\":\"https:\/\/www.alizn-carbon-fiber.com\/carbon-fiber-compression-molding-production-line\/#primaryimage\"},\"image\":{\"@id\":\"https:\/\/www.alizn-carbon-fiber.com\/carbon-fiber-compression-molding-production-line\/#primaryimage\"},\"thumbnailUrl\":\"https:\/\/www.alizn-carbon-fiber.com\/wp-content\/uploads\/2025\/05\/carbon-fiber-molding-process-RTM.webp\",\"datePublished\":\"2025-11-24T04:49:58+00:00\",\"dateModified\":\"2025-11-24T04:50:00+00:00\",\"description\":\"We\u2019ll walk you through the carbon fiber compression molding production line, drawing on our professional expertise to educate you.\",\"breadcrumb\":{\"@id\":\"https:\/\/www.alizn-carbon-fiber.com\/carbon-fiber-compression-molding-production-line\/#breadcrumb\"},\"mainEntity\":[{\"@id\":\"https:\/\/www.alizn-carbon-fiber.com\/carbon-fiber-compression-molding-production-line\/#faq-question-1763942778595\"},{\"@id\":\"https:\/\/www.alizn-carbon-fiber.com\/carbon-fiber-compression-molding-production-line\/#faq-question-1763943253904\"},{\"@id\":\"https:\/\/www.alizn-carbon-fiber.com\/carbon-fiber-compression-molding-production-line\/#faq-question-1763943468002\"},{\"@id\":\"https:\/\/www.alizn-carbon-fiber.com\/carbon-fiber-compression-molding-production-line\/#faq-question-1763943483489\"},{\"@id\":\"https:\/\/www.alizn-carbon-fiber.com\/carbon-fiber-compression-molding-production-line\/#faq-question-1763943554049\"},{\"@id\":\"https:\/\/www.alizn-carbon-fiber.com\/carbon-fiber-compression-molding-production-line\/#faq-question-1763943566566\"}],\"inLanguage\":\"pt-BR\",\"potentialAction\":[{\"@type\":\"ReadAction\",\"target\":[\"https:\/\/www.alizn-carbon-fiber.com\/carbon-fiber-compression-molding-production-line\/\"]}]},{\"@type\":\"ImageObject\",\"inLanguage\":\"pt-BR\",\"@id\":\"https:\/\/www.alizn-carbon-fiber.com\/carbon-fiber-compression-molding-production-line\/#primaryimage\",\"url\":\"https:\/\/www.alizn-carbon-fiber.com\/wp-content\/uploads\/2025\/05\/carbon-fiber-molding-process-RTM.webp\",\"contentUrl\":\"https:\/\/www.alizn-carbon-fiber.com\/wp-content\/uploads\/2025\/05\/carbon-fiber-molding-process-RTM.webp\",\"width\":1920,\"height\":1080,\"caption\":\"carbon fiber molding process RTM\"},{\"@type\":\"BreadcrumbList\",\"@id\":\"https:\/\/www.alizn-carbon-fiber.com\/carbon-fiber-compression-molding-production-line\/#breadcrumb\",\"itemListElement\":[{\"@type\":\"ListItem\",\"position\":1,\"name\":\"Home\",\"item\":\"https:\/\/www.alizn-carbon-fiber.com\/\"},{\"@type\":\"ListItem\",\"position\":2,\"name\":\"Carbon Fiber Compression Molding Production Line\"}]},{\"@type\":\"WebSite\",\"@id\":\"https:\/\/www.alizn-carbon-fiber.com\/#website\",\"url\":\"https:\/\/www.alizn-carbon-fiber.com\/\",\"name\":\"Alizn Custom Carbon Fiber Factory\",\"description\":\"Alizn specialize in tailoring custom carbon fiber parts to the unique and rigorous demands of diverse customers and applications, from consumer goods to medical devices to robotics to car.\",\"publisher\":{\"@id\":\"https:\/\/www.alizn-carbon-fiber.com\/#organization\"},\"potentialAction\":[{\"@type\":\"SearchAction\",\"target\":{\"@type\":\"EntryPoint\",\"urlTemplate\":\"https:\/\/www.alizn-carbon-fiber.com\/?s={search_term_string}\"},\"query-input\":{\"@type\":\"PropertyValueSpecification\",\"valueRequired\":true,\"valueName\":\"search_term_string\"}}],\"inLanguage\":\"pt-BR\"},{\"@type\":\"Organization\",\"@id\":\"https:\/\/www.alizn-carbon-fiber.com\/#organization\",\"name\":\"Alizn\",\"url\":\"https:\/\/www.alizn-carbon-fiber.com\/\",\"logo\":{\"@type\":\"ImageObject\",\"inLanguage\":\"pt-BR\",\"@id\":\"https:\/\/www.alizn-carbon-fiber.com\/#\/schema\/logo\/image\/\",\"url\":\"https:\/\/www.alizn-carbon-fiber.com\/wp-content\/uploads\/2025\/03\/ali-512.png\",\"contentUrl\":\"https:\/\/www.alizn-carbon-fiber.com\/wp-content\/uploads\/2025\/03\/ali-512.png\",\"width\":512,\"height\":512,\"caption\":\"Alizn\"},\"image\":{\"@id\":\"https:\/\/www.alizn-carbon-fiber.com\/#\/schema\/logo\/image\/\"},\"sameAs\":[\"https:\/\/www.facebook.com\/alizncarbon\",\"https:\/\/x.com\/alizncarbon\",\"https:\/\/www.youtube.com\/@alizncarbon\",\"https:\/\/www.instagram.com\/alizncarbon\",\"https:\/\/www.pinterest.com\/alizncarbon\"]},{\"@type\":\"Person\",\"@id\":\"https:\/\/www.alizn-carbon-fiber.com\/#\/schema\/person\/aa683e4d307323019d85f49ca1bb99b0\",\"name\":\"Alizn\",\"image\":{\"@type\":\"ImageObject\",\"inLanguage\":\"pt-BR\",\"@id\":\"https:\/\/www.alizn-carbon-fiber.com\/#\/schema\/person\/image\/\",\"url\":\"https:\/\/secure.gravatar.com\/avatar\/927278fe2b0125723dcf92b679a8fa8059f67125bc41628856832e754e42b724?s=96&d=mm&r=g\",\"contentUrl\":\"https:\/\/secure.gravatar.com\/avatar\/927278fe2b0125723dcf92b679a8fa8059f67125bc41628856832e754e42b724?s=96&d=mm&r=g\",\"caption\":\"Alizn\"},\"sameAs\":[\"https:\/\/www.alizn-carbon-fiber.com\"],\"url\":\"https:\/\/www.alizn-carbon-fiber.com\/pt\/author\/alizn\/\"},{\"@type\":\"Question\",\"@id\":\"https:\/\/www.alizn-carbon-fiber.com\/carbon-fiber-compression-molding-production-line\/#faq-question-1763942778595\",\"position\":1,\"url\":\"https:\/\/www.alizn-carbon-fiber.com\/carbon-fiber-compression-molding-production-line\/#faq-question-1763942778595\",\"name\":\"What are the main advantages of carbon fiber compression molding?\",\"answerCount\":1,\"acceptedAnswer\":{\"@type\":\"Answer\",\"text\":\"It offers <strong>high strength, low weight, stable dimensions, fast cycle time<\/strong>, and is suitable for mass production.\",\"inLanguage\":\"pt-BR\"},\"inLanguage\":\"pt-BR\"},{\"@type\":\"Question\",\"@id\":\"https:\/\/www.alizn-carbon-fiber.com\/carbon-fiber-compression-molding-production-line\/#faq-question-1763943253904\",\"position\":2,\"url\":\"https:\/\/www.alizn-carbon-fiber.com\/carbon-fiber-compression-molding-production-line\/#faq-question-1763943253904\",\"name\":\"What wall thickness can be achieved?\",\"answerCount\":1,\"acceptedAnswer\":{\"@type\":\"Answer\",\"text\":\"Typical wall thickness is <strong>1.0\u20133.0 mm<\/strong>, depending on material ,mold and part design.\",\"inLanguage\":\"pt-BR\"},\"inLanguage\":\"pt-BR\"},{\"@type\":\"Question\",\"@id\":\"https:\/\/www.alizn-carbon-fiber.com\/carbon-fiber-compression-molding-production-line\/#faq-question-1763943468002\",\"position\":3,\"url\":\"https:\/\/www.alizn-carbon-fiber.com\/carbon-fiber-compression-molding-production-line\/#faq-question-1763943468002\",\"name\":\"Can the process achieve a high-quality surface finish?\",\"answerCount\":1,\"acceptedAnswer\":{\"@type\":\"Answer\",\"text\":\"Yes. It supports <strong>Class A surface finish<\/strong>, with smooth, uniform texture\u2014matte, glossy, or painted.\",\"inLanguage\":\"pt-BR\"},\"inLanguage\":\"pt-BR\"},{\"@type\":\"Question\",\"@id\":\"https:\/\/www.alizn-carbon-fiber.com\/carbon-fiber-compression-molding-production-line\/#faq-question-1763943483489\",\"position\":4,\"url\":\"https:\/\/www.alizn-carbon-fiber.com\/carbon-fiber-compression-molding-production-line\/#faq-question-1763943483489\",\"name\":\"What dimensional tolerances can be achieved?\",\"answerCount\":1,\"acceptedAnswer\":{\"@type\":\"Answer\",\"text\":\"With metal tooling, tolerances of <strong>\u00b10.2 mm<\/strong> are common, suitable for most industrial applications.\",\"inLanguage\":\"pt-BR\"},\"inLanguage\":\"pt-BR\"},{\"@type\":\"Question\",\"@id\":\"https:\/\/www.alizn-carbon-fiber.com\/carbon-fiber-compression-molding-production-line\/#faq-question-1763943554049\",\"position\":5,\"url\":\"https:\/\/www.alizn-carbon-fiber.com\/carbon-fiber-compression-molding-production-line\/#faq-question-1763943554049\",\"name\":\"Does the process support insert molding?\",\"answerCount\":1,\"acceptedAnswer\":{\"@type\":\"Answer\",\"text\":\"Yes. <strong>Metal inserts, threaded nuts, and reinforcement plates<\/strong> can be integrated during molding.\",\"inLanguage\":\"pt-BR\"},\"inLanguage\":\"pt-BR\"},{\"@type\":\"Question\",\"@id\":\"https:\/\/www.alizn-carbon-fiber.com\/carbon-fiber-compression-molding-production-line\/#faq-question-1763943566566\",\"position\":6,\"url\":\"https:\/\/www.alizn-carbon-fiber.com\/carbon-fiber-compression-molding-production-line\/#faq-question-1763943566566\",\"name\":\"What about tooling cost and lead time?\",\"answerCount\":1,\"acceptedAnswer\":{\"@type\":\"Answer\",\"text\":\"Compression molds are typically steel or aluminum. Lead time is usually <strong>3\u20136 weeks<\/strong>, depending on complexity.\",\"inLanguage\":\"pt-BR\"},\"inLanguage\":\"pt-BR\"}]}<\/script>\n<!-- \/ Yoast SEO Premium plugin. -->","yoast_head_json":{"title":"Linha de produ\u00e7\u00e3o de moldagem por compress\u00e3o de fibra de carbono - Alizn","description":"N\u00f3s o orientaremos na linha de produ\u00e7\u00e3o de moldagem por compress\u00e3o de fibra de carbono, aproveitando nossa experi\u00eancia profissional para instru\u00ed-lo.","robots":{"index":"index","follow":"follow","max-snippet":"max-snippet:-1","max-image-preview":"max-image-preview:large","max-video-preview":"max-video-preview:-1"},"canonical":"https:\/\/www.alizn-carbon-fiber.com\/pt\/linha-de-producao-de-moldagem-por-compressao-de-fibra-de-carbono\/","og_locale":"pt_BR","og_type":"article","og_title":"Carbon Fiber Compression Molding Production Line","og_description":"We\u2019ll walk you through the carbon fiber compression molding production line, drawing on our professional expertise to educate you.","og_url":"https:\/\/www.alizn-carbon-fiber.com\/pt\/linha-de-producao-de-moldagem-por-compressao-de-fibra-de-carbono\/","og_site_name":"Alizn","article_publisher":"https:\/\/www.facebook.com\/alizncarbon","article_published_time":"2025-11-24T04:49:58+00:00","article_modified_time":"2025-11-24T04:50:00+00:00","og_image":[{"width":1920,"height":1080,"url":"https:\/\/www.alizn-carbon-fiber.com\/wp-content\/uploads\/2025\/05\/carbon-fiber-molding-process-RTM.webp","type":"image\/webp"}],"author":"Alizn","twitter_card":"summary_large_image","twitter_creator":"@alizncarbon","twitter_site":"@alizncarbon","twitter_misc":{"Escrito por":"Alizn","Est. tempo de leitura":"11 minutos"},"schema":{"@context":"https:\/\/schema.org","@graph":[{"@type":"Article","@id":"https:\/\/www.alizn-carbon-fiber.com\/carbon-fiber-compression-molding-production-line\/#article","isPartOf":{"@id":"https:\/\/www.alizn-carbon-fiber.com\/carbon-fiber-compression-molding-production-line\/"},"author":{"name":"Alizn","@id":"https:\/\/www.alizn-carbon-fiber.com\/#\/schema\/person\/aa683e4d307323019d85f49ca1bb99b0"},"headline":"Carbon Fiber Compression Molding Production Line","datePublished":"2025-11-24T04:49:58+00:00","dateModified":"2025-11-24T04:50:00+00:00","mainEntityOfPage":{"@id":"https:\/\/www.alizn-carbon-fiber.com\/carbon-fiber-compression-molding-production-line\/"},"wordCount":1757,"publisher":{"@id":"https:\/\/www.alizn-carbon-fiber.com\/#organization"},"image":{"@id":"https:\/\/www.alizn-carbon-fiber.com\/carbon-fiber-compression-molding-production-line\/#primaryimage"},"thumbnailUrl":"https:\/\/www.alizn-carbon-fiber.com\/wp-content\/uploads\/2025\/05\/carbon-fiber-molding-process-RTM.webp","keywords":["Carbon fiber production line"],"articleSection":["Custom Carbon Fiber Knowledge","Custom Carbon Fiber WiKi"],"inLanguage":"pt-BR"},{"@type":["WebPage","FAQPage"],"@id":"https:\/\/www.alizn-carbon-fiber.com\/carbon-fiber-compression-molding-production-line\/","url":"https:\/\/www.alizn-carbon-fiber.com\/carbon-fiber-compression-molding-production-line\/","name":"Linha de produ\u00e7\u00e3o de moldagem por compress\u00e3o de fibra de carbono - Alizn","isPartOf":{"@id":"https:\/\/www.alizn-carbon-fiber.com\/#website"},"primaryImageOfPage":{"@id":"https:\/\/www.alizn-carbon-fiber.com\/carbon-fiber-compression-molding-production-line\/#primaryimage"},"image":{"@id":"https:\/\/www.alizn-carbon-fiber.com\/carbon-fiber-compression-molding-production-line\/#primaryimage"},"thumbnailUrl":"https:\/\/www.alizn-carbon-fiber.com\/wp-content\/uploads\/2025\/05\/carbon-fiber-molding-process-RTM.webp","datePublished":"2025-11-24T04:49:58+00:00","dateModified":"2025-11-24T04:50:00+00:00","description":"N\u00f3s o orientaremos na linha de produ\u00e7\u00e3o de moldagem por compress\u00e3o de fibra de carbono, aproveitando nossa experi\u00eancia profissional para instru\u00ed-lo.","breadcrumb":{"@id":"https:\/\/www.alizn-carbon-fiber.com\/carbon-fiber-compression-molding-production-line\/#breadcrumb"},"mainEntity":[{"@id":"https:\/\/www.alizn-carbon-fiber.com\/carbon-fiber-compression-molding-production-line\/#faq-question-1763942778595"},{"@id":"https:\/\/www.alizn-carbon-fiber.com\/carbon-fiber-compression-molding-production-line\/#faq-question-1763943253904"},{"@id":"https:\/\/www.alizn-carbon-fiber.com\/carbon-fiber-compression-molding-production-line\/#faq-question-1763943468002"},{"@id":"https:\/\/www.alizn-carbon-fiber.com\/carbon-fiber-compression-molding-production-line\/#faq-question-1763943483489"},{"@id":"https:\/\/www.alizn-carbon-fiber.com\/carbon-fiber-compression-molding-production-line\/#faq-question-1763943554049"},{"@id":"https:\/\/www.alizn-carbon-fiber.com\/carbon-fiber-compression-molding-production-line\/#faq-question-1763943566566"}],"inLanguage":"pt-BR","potentialAction":[{"@type":"ReadAction","target":["https:\/\/www.alizn-carbon-fiber.com\/carbon-fiber-compression-molding-production-line\/"]}]},{"@type":"ImageObject","inLanguage":"pt-BR","@id":"https:\/\/www.alizn-carbon-fiber.com\/carbon-fiber-compression-molding-production-line\/#primaryimage","url":"https:\/\/www.alizn-carbon-fiber.com\/wp-content\/uploads\/2025\/05\/carbon-fiber-molding-process-RTM.webp","contentUrl":"https:\/\/www.alizn-carbon-fiber.com\/wp-content\/uploads\/2025\/05\/carbon-fiber-molding-process-RTM.webp","width":1920,"height":1080,"caption":"carbon fiber molding process RTM"},{"@type":"BreadcrumbList","@id":"https:\/\/www.alizn-carbon-fiber.com\/carbon-fiber-compression-molding-production-line\/#breadcrumb","itemListElement":[{"@type":"ListItem","position":1,"name":"Home","item":"https:\/\/www.alizn-carbon-fiber.com\/"},{"@type":"ListItem","position":2,"name":"Carbon Fiber Compression Molding Production Line"}]},{"@type":"WebSite","@id":"https:\/\/www.alizn-carbon-fiber.com\/#website","url":"https:\/\/www.alizn-carbon-fiber.com\/","name":"F\u00e1brica de fibra de carbono personalizada Alizn","description":"A Alizn \u00e9 especializada em adaptar pe\u00e7as personalizadas de fibra de carbono \u00e0s demandas exclusivas e rigorosas de diversos clientes e aplica\u00e7\u00f5es, de bens de consumo a dispositivos m\u00e9dicos, rob\u00f3tica e autom\u00f3veis.","publisher":{"@id":"https:\/\/www.alizn-carbon-fiber.com\/#organization"},"potentialAction":[{"@type":"SearchAction","target":{"@type":"EntryPoint","urlTemplate":"https:\/\/www.alizn-carbon-fiber.com\/?s={search_term_string}"},"query-input":{"@type":"PropertyValueSpecification","valueRequired":true,"valueName":"search_term_string"}}],"inLanguage":"pt-BR"},{"@type":"Organization","@id":"https:\/\/www.alizn-carbon-fiber.com\/#organization","name":"Alizn","url":"https:\/\/www.alizn-carbon-fiber.com\/","logo":{"@type":"ImageObject","inLanguage":"pt-BR","@id":"https:\/\/www.alizn-carbon-fiber.com\/#\/schema\/logo\/image\/","url":"https:\/\/www.alizn-carbon-fiber.com\/wp-content\/uploads\/2025\/03\/ali-512.png","contentUrl":"https:\/\/www.alizn-carbon-fiber.com\/wp-content\/uploads\/2025\/03\/ali-512.png","width":512,"height":512,"caption":"Alizn"},"image":{"@id":"https:\/\/www.alizn-carbon-fiber.com\/#\/schema\/logo\/image\/"},"sameAs":["https:\/\/www.facebook.com\/alizncarbon","https:\/\/x.com\/alizncarbon","https:\/\/www.youtube.com\/@alizncarbon","https:\/\/www.instagram.com\/alizncarbon","https:\/\/www.pinterest.com\/alizncarbon"]},{"@type":"Person","@id":"https:\/\/www.alizn-carbon-fiber.com\/#\/schema\/person\/aa683e4d307323019d85f49ca1bb99b0","name":"Alizn","image":{"@type":"ImageObject","inLanguage":"pt-BR","@id":"https:\/\/www.alizn-carbon-fiber.com\/#\/schema\/person\/image\/","url":"https:\/\/secure.gravatar.com\/avatar\/927278fe2b0125723dcf92b679a8fa8059f67125bc41628856832e754e42b724?s=96&d=mm&r=g","contentUrl":"https:\/\/secure.gravatar.com\/avatar\/927278fe2b0125723dcf92b679a8fa8059f67125bc41628856832e754e42b724?s=96&d=mm&r=g","caption":"Alizn"},"sameAs":["https:\/\/www.alizn-carbon-fiber.com"],"url":"https:\/\/www.alizn-carbon-fiber.com\/pt\/author\/alizn\/"},{"@type":"Question","@id":"https:\/\/www.alizn-carbon-fiber.com\/carbon-fiber-compression-molding-production-line\/#faq-question-1763942778595","position":1,"url":"https:\/\/www.alizn-carbon-fiber.com\/carbon-fiber-compression-molding-production-line\/#faq-question-1763942778595","name":"Quais s\u00e3o as principais vantagens da moldagem por compress\u00e3o de fibra de carbono?","answerCount":1,"acceptedAnswer":{"@type":"Answer","text":"It offers <strong>high strength, low weight, stable dimensions, fast cycle time<\/strong>, and is suitable for mass production.","inLanguage":"pt-BR"},"inLanguage":"pt-BR"},{"@type":"Question","@id":"https:\/\/www.alizn-carbon-fiber.com\/carbon-fiber-compression-molding-production-line\/#faq-question-1763943253904","position":2,"url":"https:\/\/www.alizn-carbon-fiber.com\/carbon-fiber-compression-molding-production-line\/#faq-question-1763943253904","name":"Qual espessura de parede pode ser obtida?","answerCount":1,"acceptedAnswer":{"@type":"Answer","text":"Typical wall thickness is <strong>1.0\u20133.0 mm<\/strong>, depending on material ,mold and part design.","inLanguage":"pt-BR"},"inLanguage":"pt-BR"},{"@type":"Question","@id":"https:\/\/www.alizn-carbon-fiber.com\/carbon-fiber-compression-molding-production-line\/#faq-question-1763943468002","position":3,"url":"https:\/\/www.alizn-carbon-fiber.com\/carbon-fiber-compression-molding-production-line\/#faq-question-1763943468002","name":"O processo consegue obter um acabamento de superf\u00edcie de alta qualidade?","answerCount":1,"acceptedAnswer":{"@type":"Answer","text":"Yes. It supports <strong>Class A surface finish<\/strong>, with smooth, uniform texture\u2014matte, glossy, or painted.","inLanguage":"pt-BR"},"inLanguage":"pt-BR"},{"@type":"Question","@id":"https:\/\/www.alizn-carbon-fiber.com\/carbon-fiber-compression-molding-production-line\/#faq-question-1763943483489","position":4,"url":"https:\/\/www.alizn-carbon-fiber.com\/carbon-fiber-compression-molding-production-line\/#faq-question-1763943483489","name":"Quais toler\u00e2ncias dimensionais podem ser alcan\u00e7adas?","answerCount":1,"acceptedAnswer":{"@type":"Answer","text":"With metal tooling, tolerances of <strong>\u00b10.2 mm<\/strong> are common, suitable for most industrial applications.","inLanguage":"pt-BR"},"inLanguage":"pt-BR"},{"@type":"Question","@id":"https:\/\/www.alizn-carbon-fiber.com\/carbon-fiber-compression-molding-production-line\/#faq-question-1763943554049","position":5,"url":"https:\/\/www.alizn-carbon-fiber.com\/carbon-fiber-compression-molding-production-line\/#faq-question-1763943554049","name":"O processo suporta moldagem por inser\u00e7\u00e3o?","answerCount":1,"acceptedAnswer":{"@type":"Answer","text":"Yes. <strong>Metal inserts, threaded nuts, and reinforcement plates<\/strong> can be integrated during molding.","inLanguage":"pt-BR"},"inLanguage":"pt-BR"},{"@type":"Question","@id":"https:\/\/www.alizn-carbon-fiber.com\/carbon-fiber-compression-molding-production-line\/#faq-question-1763943566566","position":6,"url":"https:\/\/www.alizn-carbon-fiber.com\/carbon-fiber-compression-molding-production-line\/#faq-question-1763943566566","name":"E quanto ao custo das ferramentas e ao tempo de espera?","answerCount":1,"acceptedAnswer":{"@type":"Answer","text":"Compression molds are typically steel or aluminum. Lead time is usually <strong>3\u20136 weeks<\/strong>, depending on complexity.","inLanguage":"pt-BR"},"inLanguage":"pt-BR"}]}},"_links":{"self":[{"href":"https:\/\/www.alizn-carbon-fiber.com\/pt\/wp-json\/wp\/v2\/posts\/7787","targetHints":{"allow":["GET"]}}],"collection":[{"href":"https:\/\/www.alizn-carbon-fiber.com\/pt\/wp-json\/wp\/v2\/posts"}],"about":[{"href":"https:\/\/www.alizn-carbon-fiber.com\/pt\/wp-json\/wp\/v2\/types\/post"}],"author":[{"embeddable":true,"href":"https:\/\/www.alizn-carbon-fiber.com\/pt\/wp-json\/wp\/v2\/users\/1"}],"replies":[{"embeddable":true,"href":"https:\/\/www.alizn-carbon-fiber.com\/pt\/wp-json\/wp\/v2\/comments?post=7787"}],"version-history":[{"count":9,"href":"https:\/\/www.alizn-carbon-fiber.com\/pt\/wp-json\/wp\/v2\/posts\/7787\/revisions"}],"predecessor-version":[{"id":7797,"href":"https:\/\/www.alizn-carbon-fiber.com\/pt\/wp-json\/wp\/v2\/posts\/7787\/revisions\/7797"}],"wp:featuredmedia":[{"embeddable":true,"href":"https:\/\/www.alizn-carbon-fiber.com\/pt\/wp-json\/wp\/v2\/media\/4542"}],"wp:attachment":[{"href":"https:\/\/www.alizn-carbon-fiber.com\/pt\/wp-json\/wp\/v2\/media?parent=7787"}],"wp:term":[{"taxonomy":"category","embeddable":true,"href":"https:\/\/www.alizn-carbon-fiber.com\/pt\/wp-json\/wp\/v2\/categories?post=7787"},{"taxonomy":"post_tag","embeddable":true,"href":"https:\/\/www.alizn-carbon-fiber.com\/pt\/wp-json\/wp\/v2\/tags?post=7787"}],"curies":[{"name":"wp","href":"https:\/\/api.w.org\/{rel}","templated":true}]}}