{"id":7039,"date":"2025-09-03T19:53:15","date_gmt":"2025-09-03T11:53:15","guid":{"rendered":"https:\/\/www.alizn-carbon-fiber.com\/?p=7039"},"modified":"2025-09-03T19:53:18","modified_gmt":"2025-09-03T11:53:18","slug":"melhor-fornecedor-de-capota-de-fibra-de-carbono-para-x6m-comp","status":"publish","type":"post","link":"https:\/\/www.alizn-carbon-fiber.com\/pt\/best-carbon-fiber-hood-for-x6m-comp-supplier\/","title":{"rendered":"Melhor cap\u00f4 de fibra de carbono para o fornecedor X6M Comp"},"content":{"rendered":"<h3 class=\"wp-block-heading\" id=\"h-why-carbon-fiber-hoods-are-ideal-for-the-bmw-x6m-comp\">Por que os cap\u00f4s de fibra de carbono s\u00e3o ideais para o BMW X6M Comp<\/h3>\n\n\n\n<p>O BMW X6M Comp \u00e9 um SUV de alto desempenho que exige componentes leves e fortes para manter o equil\u00edbrio entre pot\u00eancia e agilidade. A <a href=\"https:\/\/www.alizn-carbon-fiber.com\/pt\/capos-personalizados-de-fibra-de-carbono\/\" target=\"_blank\" rel=\"noreferrer noopener\">cap\u00f4 de fibra de carbono<\/a> reduz o peso no eixo dianteiro, melhorando a acelera\u00e7\u00e3o, a efici\u00eancia da frenagem e a estabilidade nas curvas. Ao contr\u00e1rio das alternativas de alum\u00ednio ou a\u00e7o, a fibra de carbono tem uma rela\u00e7\u00e3o resist\u00eancia\/peso mais alta e oferece uma apar\u00eancia premium que combina com o estilo agressivo do X6M Comp.<\/p>\n\n\n\n<p>Ao procurar o melhor cap\u00f4 de fibra de carbono para o X6M Comp, \u00e9 essencial entender como os diferentes tipos de cap\u00f4 s\u00e3o diferentes. <a href=\"https:\/\/www.alizn-carbon-fiber.com\/pt\/como-sao-feitas-as-pecas-de-fibra-de-carbono\/\" target=\"_blank\" rel=\"noreferrer noopener\">m\u00e9todos de fabrica\u00e7\u00e3o<\/a> influenciam a durabilidade, o custo e o potencial de personaliza\u00e7\u00e3o. Esse conhecimento ajuda os compradores a decidir qual linha de produ\u00e7\u00e3o \u00e9 a melhor para sua aplica\u00e7\u00e3o.<\/p>\n\n\n\n<h3 class=\"wp-block-heading\" id=\"h-carbon-fiber-production-methods-for-hoods\">M\u00e9todos de produ\u00e7\u00e3o de fibra de carbono para capuzes<\/h3>\n\n\n\n<p>Nem todo m\u00e9todo de produ\u00e7\u00e3o \u00e9 adequado para pe\u00e7as automotivas grandes e complexas, como cap\u00f4s. Como um <a href=\"https:\/\/www.alizn-carbon-fiber.com\/pt\/fabrica-de-fibra-de-carbono\/\" target=\"_blank\" rel=\"noreferrer noopener\">fabricante<\/a>Na se\u00e7\u00e3o \"Desempenho\", selecionamos as t\u00e9cnicas de acordo com o desempenho, o custo e os requisitos visuais.<\/p>\n\n\n\n<h4 class=\"wp-block-heading\" id=\"h-prepreg-autoclave-process\">Processo de autoclave Prepreg<\/h4>\n\n\n\n<p>O m\u00e9todo de autoclave de pr\u00e9-impregnados \u00e9 o padr\u00e3o ouro para o alto desempenho <a href=\"https:\/\/www.alizn-carbon-fiber.com\/pt\/pecas-automotivas-personalizadas-em-fibra-de-carbono\/\" target=\"_blank\" rel=\"noreferrer noopener\">cap\u00f4s automotivos de fibra de carbono<\/a>. Nesse processo, folhas de fibra de carbono pr\u00e9-impregnadas com resina s\u00e3o colocadas em camadas em um molde e curadas sob calor e press\u00e3o em uma autoclave.<\/p>\n\n\n\n<p><strong>Benef\u00edcios para o cap\u00f4 do X6M Comp:<\/strong><\/p>\n\n\n\n<ul class=\"wp-block-list\">\n<li>Excelente rela\u00e7\u00e3o entre resist\u00eancia e peso<\/li>\n\n\n\n<li>Ajuste preciso e exatid\u00e3o dimensional<\/li>\n\n\n\n<li>Superf\u00edcie lisa e sem defeitos, adequada para acabamentos de revestimento transparente<\/li>\n\n\n\n<li>Qualidade consistente para aplica\u00e7\u00f5es premium<\/li>\n<\/ul>\n\n\n\n<p>Esse m\u00e9todo \u00e9 ideal para clientes que desejam o melhor cap\u00f4 de fibra de carbono para o X6M Comp com ajuste de n\u00edvel OEM e apar\u00eancia luxuosa.<\/p>\n\n\n\n<h4 class=\"wp-block-heading\" id=\"h-resin-transfer-molding-rtm\">Moldagem por transfer\u00eancia de resina (RTM)<\/h4>\n\n\n\n<p>O RTM \u00e9 outro m\u00e9todo amplamente utilizado para <a href=\"https:\/\/www.alizn-carbon-fiber.com\/pt\/como-sao-feitas-as-pecas-de-fibra-de-carbono\/\" target=\"_blank\" rel=\"noreferrer noopener\">produ\u00e7\u00e3o de capuzes de fibra de carbono<\/a>. Ele envolve a coloca\u00e7\u00e3o de tecidos secos de fibra de carbono em um molde, a inje\u00e7\u00e3o de resina e a cura sob press\u00e3o controlada.<\/p>\n\n\n\n<p><strong>Vantagens:<\/strong><\/p>\n\n\n\n<ul class=\"wp-block-list\">\n<li>Custo mais baixo em compara\u00e7\u00e3o com a produ\u00e7\u00e3o em autoclave<\/li>\n\n\n\n<li>Bom desempenho estrutural para uso nas ruas e para desempenho<\/li>\n\n\n\n<li>Possibilidade de maior volume de produ\u00e7\u00e3o<\/li>\n<\/ul>\n\n\n\n<p>Os capuzes RTM s\u00e3o uma op\u00e7\u00e3o s\u00f3lida para clientes que desejam um equil\u00edbrio entre qualidade e pre\u00e7o acess\u00edvel sem comprometer muito a economia de peso.<\/p>\n\n\n\n<h4 class=\"wp-block-heading\" id=\"h-vacuum-infusion-process\">Processo de infus\u00e3o a v\u00e1cuo<\/h4>\n\n\n\n<p>A infus\u00e3o a v\u00e1cuo utiliza a press\u00e3o do v\u00e1cuo para inserir a resina nas camadas de fibra de carbono. Embora seja eficaz para pain\u00e9is automotivos de tamanho m\u00e9dio, esse processo \u00e9 menos recomendado para grandes cap\u00f4s estruturais, a menos que a sensibilidade ao pre\u00e7o seja uma prioridade.<\/p>\n\n\n\n<p>Para o BMW X6M Comp, a infus\u00e3o a v\u00e1cuo pode ser adequada se o cliente estiver focado em uma constru\u00e7\u00e3o leve e em considera\u00e7\u00f5es or\u00e7ament\u00e1rias moderadas, em vez de acabamentos perfeitos para o showroom.<\/p>\n\n\n\n<h4 class=\"wp-block-heading\" id=\"h-wet-lay-up-process\">Processo de aplica\u00e7\u00e3o \u00famida<\/h4>\n\n\n\n<p>O Wet lay-up \u00e9 o m\u00e9todo mais simples e econ\u00f4mico, mas n\u00e3o \u00e9 recomendado para aplica\u00e7\u00f5es de alto n\u00edvel, como o cap\u00f4 do BMW X6M Competition. Ele envolve a aplica\u00e7\u00e3o manual de resina sobre tecidos de fibra de carbono dentro de um molde.<\/p>\n\n\n\n<p>Embora seja \u00fatil para prot\u00f3tipos e pe\u00e7as de pequena escala, esse processo n\u00e3o tem a resist\u00eancia e a efici\u00eancia de peso esperadas dos melhores <a href=\"https:\/\/www.alizn-carbon-fiber.com\/pt\/capos-personalizados-de-fibra-de-carbono\/\" target=\"_blank\" rel=\"noreferrer noopener\">cap\u00f4 de fibra de carbono<\/a> para o X6M Comp. Na Alizn, normalmente evitamos esse m\u00e9todo para pain\u00e9is externos automotivos grandes.<\/p>\n\n\n\n<figure class=\"wp-block-image size-full\"><img fetchpriority=\"high\" decoding=\"async\" width=\"1920\" height=\"1080\" src=\"https:\/\/www.alizn-carbon-fiber.com\/wp-content\/uploads\/2025\/09\/best-carbon-fiber-hood-for-x6m-comp-customization-supplier.webp\" alt=\"melhor capota de fibra de carbono para o fornecedor de personaliza\u00e7\u00e3o x6m comp\" class=\"wp-image-7040\" srcset=\"\/\/www.alizn-carbon-fiber.com\/wp-content\/uploads\/2025\/09\/best-carbon-fiber-hood-for-x6m-comp-customization-supplier.webp 1920w, \/\/www.alizn-carbon-fiber.com\/wp-content\/uploads\/2025\/09\/best-carbon-fiber-hood-for-x6m-comp-customization-supplier-600x338.webp 600w, \/\/www.alizn-carbon-fiber.com\/wp-content\/uploads\/2025\/09\/best-carbon-fiber-hood-for-x6m-comp-customization-supplier-768x432.webp 768w, \/\/www.alizn-carbon-fiber.com\/wp-content\/uploads\/2025\/09\/best-carbon-fiber-hood-for-x6m-comp-customization-supplier-1536x864.webp 1536w, \/\/www.alizn-carbon-fiber.com\/wp-content\/uploads\/2025\/09\/best-carbon-fiber-hood-for-x6m-comp-customization-supplier-18x10.webp 18w\" sizes=\"(max-width: 1920px) 100vw, 1920px\" \/><\/figure>\n\n\n\n<h3 class=\"wp-block-heading\" id=\"h-choosing-the-right-production-line-for-an-x6m-comp-hood\">Escolhendo a linha de produ\u00e7\u00e3o certa para um cap\u00f4 X6M Comp<\/h3>\n\n\n\n<p>A decis\u00e3o de qual linha de produ\u00e7\u00e3o usar depende das prioridades do cliente. Abaixo est\u00e1 uma tabela que resume quais m\u00e9todos s\u00e3o mais adequados para o cap\u00f4 do BMW X6M Competition.<\/p>\n\n\n\n<figure class=\"wp-block-table\"><table class=\"has-fixed-layout\"><thead><tr><th>M\u00e9todo de produ\u00e7\u00e3o<\/th><th>Redu\u00e7\u00e3o de peso<\/th><th>Acabamento da superf\u00edcie<\/th><th>Integridade estrutural<\/th><th>N\u00edvel de custo<\/th><th>Caso de uso recomendado<\/th><\/tr><\/thead><tbody><tr><td>Autoclave Prepreg<\/td><td>Excelente<\/td><td>Grau do showroom<\/td><td>Mais alto<\/td><td>Alta<\/td><td>Constru\u00e7\u00f5es de desempenho premium<\/td><\/tr><tr><td>Moldagem por transfer\u00eancia de resina<\/td><td>Muito bom<\/td><td>Suave<\/td><td>Forte<\/td><td>M\u00e9dio<\/td><td>Constru\u00e7\u00f5es de rua e de desempenho<\/td><\/tr><tr><td>Infus\u00e3o a v\u00e1cuo<\/td><td>Moderado<\/td><td>Decente<\/td><td>Bom<\/td><td>M\u00e9dio-Baixo<\/td><td>Solu\u00e7\u00e3o leve e econ\u00f4mica<\/td><\/tr><tr><td>Aplica\u00e7\u00e3o \u00famida<\/td><td>B\u00e1sico<\/td><td>Vari\u00e1vel<\/td><td>Limitada<\/td><td>Baixa<\/td><td>Prototipagem, pe\u00e7as n\u00e3o cr\u00edticas<\/td><\/tr><\/tbody><\/table><\/figure>\n\n\n\n<p>A partir dessa compara\u00e7\u00e3o, fica claro que os m\u00e9todos de autoclave de pr\u00e9-impregnado e RTM s\u00e3o os mais adequados para o X6M Comp <a href=\"https:\/\/www.alizn-carbon-fiber.com\/pt\/pecas-automotivas-personalizadas-em-fibra-de-carbono\/\" target=\"_blank\" rel=\"noreferrer noopener\">cap\u00f4 de fibra de carbono<\/a>. Os clientes que buscam o melhor desempenho e acabamento devem escolher a produ\u00e7\u00e3o em autoclave, enquanto os que buscam efici\u00eancia de custo com desempenho s\u00f3lido devem considerar o RTM.<\/p>\n\n\n\n<h3 class=\"wp-block-heading\" id=\"h-customization-options-for-carbon-fiber-hoods\">Op\u00e7\u00f5es de personaliza\u00e7\u00e3o para capuzes de fibra de carbono<\/h3>\n\n\n\n<p>Ao selecionar o melhor cap\u00f4 de fibra de carbono para o X6M Comp, a personaliza\u00e7\u00e3o desempenha um papel fundamental. Na Alizn, oferecemos v\u00e1rias op\u00e7\u00f5es para adaptar o cap\u00f4 \u00e0s necessidades do cliente:<\/p>\n\n\n\n<p><strong>Padr\u00e3o de trama de fibra de carbono<\/strong><\/p>\n\n\n\n<ul class=\"wp-block-list\">\n<li>Tecido de sarja 3K: Visual cl\u00e1ssico de automobilismo<\/li>\n\n\n\n<li>3K Plain Weave: Apar\u00eancia uniforme e sutil<\/li>\n\n\n\n<li>Carbono forjado: Est\u00e9tica moderna e distinta<\/li>\n<\/ul>\n\n\n\n<p><strong>Op\u00e7\u00f5es de acabamento<\/strong><\/p>\n\n\n\n<ul class=\"wp-block-list\">\n<li>Revestimento transparente brilhante para um brilho superior<\/li>\n\n\n\n<li>Acabamento fosco para um visual de desempenho discreto<\/li>\n\n\n\n<li>Revestimento resistente a raios UV para evitar o amarelamento<\/li>\n<\/ul>\n\n\n\n<p><strong>Projeto estrutural<\/strong><\/p>\n\n\n\n<ul class=\"wp-block-list\">\n<li>Camada \u00fanica para redu\u00e7\u00e3o de peso no uso em pista<\/li>\n\n\n\n<li>Camadas refor\u00e7adas para maior durabilidade na rua<\/li>\n\n\n\n<li>Integra\u00e7\u00e3o com aberturas funcionais para resfriamento<\/li>\n<\/ul>\n\n\n\n<p><strong>Op\u00e7\u00f5es de ajuste<\/strong><\/p>\n\n\n\n<ul class=\"wp-block-list\">\n<li><a href=\"https:\/\/www.alizn-carbon-fiber.com\/pt\/fibra-de-carbono-personalizada-oem\/\" target=\"_blank\" rel=\"noreferrer noopener\">Substitui\u00e7\u00e3o direta no estilo OEM<\/a><\/li>\n\n\n\n<li>Estilo agressivo com ventila\u00e7\u00e3o ou de reposi\u00e7\u00e3o<\/li>\n<\/ul>\n\n\n\n<p><strong>Integra\u00e7\u00e3o de logotipo ou marca<\/strong><\/p>\n\n\n\n<ul class=\"wp-block-list\">\n<li>Apar\u00eancia discreta de OEM<\/li>\n\n\n\n<li>Marca personalizada para constru\u00e7\u00f5es exclusivas<\/li>\n<\/ul>\n\n\n\n<p>Essas op\u00e7\u00f5es de personaliza\u00e7\u00e3o permitem que cada cliente alcance o equil\u00edbrio perfeito entre est\u00e9tica, desempenho e identidade.<\/p>\n\n\n\n<h3 class=\"wp-block-heading\" id=\"h-how-to-select-the-best-carbon-fiber-hood-for-x6m-comp\">Como escolher o melhor cap\u00f4 de fibra de carbono para o X6M Comp<\/h3>\n\n\n\n<p>Ao comprar um <a href=\"https:\/\/www.alizn-carbon-fiber.com\/pt\/pecas-personalizadas-de-fibra-de-carbono\/\" target=\"_blank\" rel=\"noreferrer noopener\">cap\u00f4 de fibra de carbono<\/a>Os clientes devem considerar os seguintes fatores-chave:<\/p>\n\n\n\n<ul class=\"wp-block-list\">\n<li><strong>Precis\u00e3o de ajuste<\/strong>: Um ajuste preciso garante que n\u00e3o sejam necess\u00e1rias modifica\u00e7\u00f5es durante a instala\u00e7\u00e3o.<\/li>\n\n\n\n<li><strong>Economia de peso<\/strong>: Quanto mais leve o cap\u00f4, mais benef\u00edcios de desempenho o X6M Comp recebe.<\/li>\n\n\n\n<li><strong>Qualidade da superf\u00edcie<\/strong>: Um acabamento liso e uniforme melhora a apar\u00eancia e o valor de revenda.<\/li>\n\n\n\n<li><strong>Resist\u00eancia estrutural<\/strong>: Os capuzes refor\u00e7ados garantem a durabilidade em condi\u00e7\u00f5es de alto desempenho.<\/li>\n\n\n\n<li><strong>Especializa\u00e7\u00e3o em fornecedores<\/strong>: A <a href=\"https:\/\/www.alizn-carbon-fiber.com\/pt\/fabrica-de-fibra-de-carbono\/\" target=\"_blank\" rel=\"noreferrer noopener\">fabricante com experi\u00eancia<\/a> em pe\u00e7as espec\u00edficas da BMW pode proporcionar melhores resultados.<\/li>\n<\/ul>\n\n\n\n<p>Ao ponderar esses fatores, os clientes podem selecionar um cap\u00f4 que corresponda exatamente aos seus objetivos est\u00e9ticos e de desempenho.<\/p>\n\n\n\n<figure class=\"wp-block-image size-full\"><img decoding=\"async\" width=\"1920\" height=\"1080\" src=\"https:\/\/www.alizn-carbon-fiber.com\/wp-content\/uploads\/2025\/09\/custom-vest-carbon-fiber-hood-for-x6m-comp.webp\" alt=\"Colete personalizado com capuz de fibra de carbono para x6m comp\" class=\"wp-image-7042\" srcset=\"\/\/www.alizn-carbon-fiber.com\/wp-content\/uploads\/2025\/09\/custom-vest-carbon-fiber-hood-for-x6m-comp.webp 1920w, \/\/www.alizn-carbon-fiber.com\/wp-content\/uploads\/2025\/09\/custom-vest-carbon-fiber-hood-for-x6m-comp-600x338.webp 600w, \/\/www.alizn-carbon-fiber.com\/wp-content\/uploads\/2025\/09\/custom-vest-carbon-fiber-hood-for-x6m-comp-768x432.webp 768w, \/\/www.alizn-carbon-fiber.com\/wp-content\/uploads\/2025\/09\/custom-vest-carbon-fiber-hood-for-x6m-comp-1536x864.webp 1536w, \/\/www.alizn-carbon-fiber.com\/wp-content\/uploads\/2025\/09\/custom-vest-carbon-fiber-hood-for-x6m-comp-18x10.webp 18w\" sizes=\"(max-width: 1920px) 100vw, 1920px\" \/><\/figure>\n\n\n\n<h3 class=\"wp-block-heading\" id=\"h-why-alizn-is-a-reliable-supplier\">Por que o Alizn \u00e9 um fornecedor confi\u00e1vel<\/h3>\n\n\n\n<p>Como uma empresa dedicada <a href=\"https:\/\/www.alizn-carbon-fiber.com\/pt\/layout-do-espaco-de-trabalho-da-empresa-de-fabricacao-de-pecas-de-fibra-de-carbono\/\" target=\"_blank\" rel=\"noreferrer noopener\">Fabricante de pe\u00e7as de fibra de carbono<\/a>A Alizn oferece consultoria profissional para cada cliente. Nossas instala\u00e7\u00f5es de produ\u00e7\u00e3o incluem autoclave, RTM e linhas de infus\u00e3o a v\u00e1cuo, o que nos permite recomendar a melhor solu\u00e7\u00e3o com base no or\u00e7amento e nas metas de desempenho.<\/p>\n\n\n\n<p><strong>O que nos diferencia:<\/strong><\/p>\n\n\n\n<ul class=\"wp-block-list\">\n<li>Experi\u00eancia com componentes de ve\u00edculos de luxo e de alto desempenho<\/li>\n\n\n\n<li>Equipamentos avan\u00e7ados para uma qualidade consistente<\/li>\n\n\n\n<li>Personaliza\u00e7\u00e3o flex\u00edvel para trama, acabamento e design<\/li>\n\n\n\n<li>Controle de qualidade rigoroso para durabilidade e ajuste<\/li>\n<\/ul>\n\n\n\n<p>Para os clientes que est\u00e3o procurando o melhor cap\u00f4 de fibra de carbono para o X6M Comp, trabalhar diretamente com um <a href=\"https:\/\/www.alizn-carbon-fiber.com\/pt\/layout-do-espaco-de-trabalho-da-empresa-de-fabricacao-de-pecas-de-fibra-de-carbono\/\" target=\"_blank\" rel=\"noreferrer noopener\">fabricante<\/a> garante efici\u00eancia de custos, melhor personaliza\u00e7\u00e3o e qualidade garantida.<\/p>\n\n\n\n<h3 class=\"wp-block-heading\" id=\"h-conclusion\">Conclus\u00e3o<\/h3>\n\n\n\n<p>O melhor cap\u00f4 de fibra de carbono para o X6M Comp deve encontrar um equil\u00edbrio entre desempenho leve, durabilidade estrutural e apelo visual. Os m\u00e9todos de produ\u00e7\u00e3o de autoclave Prepreg e RTM s\u00e3o os mais adequados <a href=\"https:\/\/www.alizn-carbon-fiber.com\/pt\/como-sao-feitas-as-pecas-de-fibra-de-carbono\/\" target=\"_blank\" rel=\"noreferrer noopener\">processos de fabrica\u00e7\u00e3o<\/a> para esse tipo de coifa, com a autoclave oferecendo o mais alto desempenho e o RTM fornecendo uma alternativa econ\u00f4mica e forte.<\/p>\n\n\n\n<p>Na Alizn, ajudamos os clientes a selecionar a linha de produ\u00e7\u00e3o e os recursos de personaliza\u00e7\u00e3o certos, garantindo que cada cap\u00f4 ofere\u00e7a desempenho e design ideais para o BMW X6M Competition. Ao trabalhar com um profissional <a href=\"https:\/\/www.alizn-carbon-fiber.com\/pt\/fibra-de-carbono-personalizada-oem\/\" target=\"_blank\" rel=\"noreferrer noopener\">fornecedor de pe\u00e7as de fibra de carbono<\/a>Com a qualidade do produto e a satisfa\u00e7\u00e3o de longo prazo, os clientes ganham confian\u00e7a.<\/p>\n\n\n\n<h3 class=\"wp-block-heading\">Considera\u00e7\u00f5es finais<\/h3>\n\n\n\n<p>Como especialistas em materiais compostos, estamos dispostos a&nbsp;<a href=\"https:\/\/wa.me\/8618930689530\">fornecer a voc\u00ea<\/a>&nbsp;com assist\u00eancia essencial. O julgamento correto agora evita custos excessivos, atrasos e resultados decepcionantes mais tarde.<\/p>\n\n\n\n<p>Precisa de orienta\u00e7\u00e3o sobre sua pe\u00e7a de fibra de carbono personalizada?&nbsp;<a href=\"https:\/\/www.alizn-carbon-fiber.com\/pt\/entre-em-contato-com-a-fabrica-do-alizn\/\">Entre em contato com a nossa equipe para obter orienta\u00e7\u00e3o especializada<\/a>.<\/p>","protected":false},"excerpt":{"rendered":"<p>A escolha do melhor cap\u00f4 de fibra de carbono para o X6M Comp n\u00e3o se refere apenas ao design e \u00e0 est\u00e9tica, mas tamb\u00e9m \u00e0 integridade estrutural, ao desempenho e \u00e0 capacidade de se alinhar \u00e0s suas necessidades espec\u00edficas de dire\u00e7\u00e3o. Como Alizn, um fabricante profissional de pe\u00e7as de fibra de carbono, ajudamos os clientes a analisar as linhas de produ\u00e7\u00e3o e as op\u00e7\u00f5es de personaliza\u00e7\u00e3o, garantindo que cada cap\u00f4 atenda \u00e0s mais altas expectativas. Este artigo fornece uma an\u00e1lise aprofundada de como s\u00e3o fabricados os cap\u00f4s de fibra de carbono para o BMW X6M Competition, quais processos de produ\u00e7\u00e3o s\u00e3o mais adequados e quais op\u00e7\u00f5es de personaliza\u00e7\u00e3o est\u00e3o dispon\u00edveis ao adquirir de um fornecedor confi\u00e1vel.<\/p>","protected":false},"author":1,"featured_media":7041,"comment_status":"closed","ping_status":"open","sticky":false,"template":"","format":"standard","meta":{"site-sidebar-layout":"default","site-content-layout":"","ast-site-content-layout":"default","site-content-style":"default","site-sidebar-style":"default","ast-global-header-display":"","ast-banner-title-visibility":"","ast-main-header-display":"","ast-hfb-above-header-display":"","ast-hfb-below-header-display":"","ast-hfb-mobile-header-display":"","site-post-title":"","ast-breadcrumbs-content":"","ast-featured-img":"","footer-sml-layout":"","ast-disable-related-posts":"","theme-transparent-header-meta":"","adv-header-id-meta":"","stick-header-meta":"","header-above-stick-meta":"","header-main-stick-meta":"","header-below-stick-meta":"","astra-migrate-meta-layouts":"set","ast-page-background-enabled":"default","ast-page-background-meta":{"desktop":{"background-color":"","background-image":"","background-repeat":"repeat","background-position":"center center","background-size":"auto","background-attachment":"scroll","background-type":"","background-media":"","overlay-type":"","overlay-color":"","overlay-opacity":"","overlay-gradient":""},"tablet":{"background-color":"","background-image":"","background-repeat":"repeat","background-position":"center center","background-size":"auto","background-attachment":"scroll","background-type":"","background-media":"","overlay-type":"","overlay-color":"","overlay-opacity":"","overlay-gradient":""},"mobile":{"background-color":"","background-image":"","background-repeat":"repeat","background-position":"center center","background-size":"auto","background-attachment":"scroll","background-type":"","background-media":"","overlay-type":"","overlay-color":"","overlay-opacity":"","overlay-gradient":""}},"ast-content-background-meta":{"desktop":{"background-color":"var(--ast-global-color-5)","background-image":"","background-repeat":"repeat","background-position":"center center","background-size":"auto","background-attachment":"scroll","background-type":"","background-media":"","overlay-type":"","overlay-color":"","overlay-opacity":"","overlay-gradient":""},"tablet":{"background-color":"var(--ast-global-color-5)","background-image":"","background-repeat":"repeat","background-position":"center center","background-size":"auto","background-attachment":"scroll","background-type":"","background-media":"","overlay-type":"","overlay-color":"","overlay-opacity":"","overlay-gradient":""},"mobile":{"background-color":"var(--ast-global-color-5)","background-image":"","background-repeat":"repeat","background-position":"center center","background-size":"auto","background-attachment":"scroll","background-type":"","background-media":"","overlay-type":"","overlay-color":"","overlay-opacity":"","overlay-gradient":""}},"footnotes":""},"categories":[12,21],"tags":[23],"class_list":["post-7039","post","type-post","status-publish","format-standard","has-post-thumbnail","hentry","category-custom-carbon-fiber-knowledge","category-custom-carbon-fiber-wiki","tag-carbon-fiber-hoods-customization-guide"],"yoast_head":"<!-- This site is optimized with the Yoast SEO Premium plugin v26.3 (Yoast SEO v27.1.1) - https:\/\/yoast.com\/product\/yoast-seo-premium-wordpress\/ -->\n<title>Best Carbon Fiber Hood for X6M Comp Supplier - Alizn<\/title>\n<meta name=\"description\" content=\"Alizn offers the best carbon fiber hood for X6M Comp with lightweight performance, premium finish, and full customization.\" \/>\n<meta name=\"robots\" content=\"index, follow, max-snippet:-1, max-image-preview:large, max-video-preview:-1\" \/>\n<link rel=\"canonical\" href=\"https:\/\/www.alizn-carbon-fiber.com\/pt\/melhor-fornecedor-de-capota-de-fibra-de-carbono-para-x6m-comp\/\" \/>\n<meta property=\"og:locale\" content=\"pt_BR\" \/>\n<meta property=\"og:type\" content=\"article\" \/>\n<meta property=\"og:title\" content=\"Best Carbon Fiber Hood for X6M Comp Supplier\" \/>\n<meta property=\"og:description\" content=\"Alizn offers the best carbon fiber hood for X6M Comp with lightweight performance, premium finish, and full customization.\" \/>\n<meta property=\"og:url\" content=\"https:\/\/www.alizn-carbon-fiber.com\/pt\/melhor-fornecedor-de-capota-de-fibra-de-carbono-para-x6m-comp\/\" \/>\n<meta property=\"og:site_name\" content=\"Alizn\" \/>\n<meta property=\"article:publisher\" content=\"https:\/\/www.facebook.com\/alizncarbon\" \/>\n<meta property=\"article:published_time\" content=\"2025-09-03T11:53:15+00:00\" \/>\n<meta property=\"article:modified_time\" content=\"2025-09-03T11:53:18+00:00\" \/>\n<meta property=\"og:image\" content=\"https:\/\/www.alizn-carbon-fiber.com\/wp-content\/uploads\/2025\/09\/best-carbon-fiber-hood-for-bmw-x6m-comp.webp\" \/>\n\t<meta property=\"og:image:width\" content=\"1920\" \/>\n\t<meta property=\"og:image:height\" content=\"1080\" \/>\n\t<meta property=\"og:image:type\" content=\"image\/webp\" \/>\n<meta name=\"author\" content=\"Alizn\" \/>\n<meta name=\"twitter:card\" content=\"summary_large_image\" \/>\n<meta name=\"twitter:creator\" content=\"@alizncarbon\" \/>\n<meta name=\"twitter:site\" content=\"@alizncarbon\" \/>\n<meta name=\"twitter:label1\" content=\"Escrito por\" \/>\n\t<meta name=\"twitter:data1\" content=\"Alizn\" \/>\n\t<meta name=\"twitter:label2\" content=\"Est. tempo de leitura\" \/>\n\t<meta name=\"twitter:data2\" content=\"7 minutos\" \/>\n<script type=\"application\/ld+json\" class=\"yoast-schema-graph\">{\"@context\":\"https:\/\/schema.org\",\"@graph\":[{\"@type\":\"Article\",\"@id\":\"https:\/\/www.alizn-carbon-fiber.com\/best-carbon-fiber-hood-for-x6m-comp-supplier\/#article\",\"isPartOf\":{\"@id\":\"https:\/\/www.alizn-carbon-fiber.com\/best-carbon-fiber-hood-for-x6m-comp-supplier\/\"},\"author\":{\"name\":\"Alizn\",\"@id\":\"https:\/\/www.alizn-carbon-fiber.com\/#\/schema\/person\/aa683e4d307323019d85f49ca1bb99b0\"},\"headline\":\"Best Carbon Fiber Hood for X6M Comp Supplier\",\"datePublished\":\"2025-09-03T11:53:15+00:00\",\"dateModified\":\"2025-09-03T11:53:18+00:00\",\"mainEntityOfPage\":{\"@id\":\"https:\/\/www.alizn-carbon-fiber.com\/best-carbon-fiber-hood-for-x6m-comp-supplier\/\"},\"wordCount\":1090,\"publisher\":{\"@id\":\"https:\/\/www.alizn-carbon-fiber.com\/#organization\"},\"image\":{\"@id\":\"https:\/\/www.alizn-carbon-fiber.com\/best-carbon-fiber-hood-for-x6m-comp-supplier\/#primaryimage\"},\"thumbnailUrl\":\"https:\/\/www.alizn-carbon-fiber.com\/wp-content\/uploads\/2025\/09\/best-carbon-fiber-hood-for-bmw-x6m-comp.webp\",\"keywords\":[\"Carbon fiber hoods customization guide\"],\"articleSection\":[\"Custom Carbon Fiber Knowledge\",\"Custom Carbon Fiber WiKi\"],\"inLanguage\":\"pt-BR\"},{\"@type\":\"WebPage\",\"@id\":\"https:\/\/www.alizn-carbon-fiber.com\/best-carbon-fiber-hood-for-x6m-comp-supplier\/\",\"url\":\"https:\/\/www.alizn-carbon-fiber.com\/best-carbon-fiber-hood-for-x6m-comp-supplier\/\",\"name\":\"Best Carbon Fiber Hood for X6M Comp Supplier - Alizn\",\"isPartOf\":{\"@id\":\"https:\/\/www.alizn-carbon-fiber.com\/#website\"},\"primaryImageOfPage\":{\"@id\":\"https:\/\/www.alizn-carbon-fiber.com\/best-carbon-fiber-hood-for-x6m-comp-supplier\/#primaryimage\"},\"image\":{\"@id\":\"https:\/\/www.alizn-carbon-fiber.com\/best-carbon-fiber-hood-for-x6m-comp-supplier\/#primaryimage\"},\"thumbnailUrl\":\"https:\/\/www.alizn-carbon-fiber.com\/wp-content\/uploads\/2025\/09\/best-carbon-fiber-hood-for-bmw-x6m-comp.webp\",\"datePublished\":\"2025-09-03T11:53:15+00:00\",\"dateModified\":\"2025-09-03T11:53:18+00:00\",\"description\":\"Alizn offers the best carbon fiber hood for X6M Comp with lightweight performance, premium finish, and full customization.\",\"breadcrumb\":{\"@id\":\"https:\/\/www.alizn-carbon-fiber.com\/best-carbon-fiber-hood-for-x6m-comp-supplier\/#breadcrumb\"},\"inLanguage\":\"pt-BR\",\"potentialAction\":[{\"@type\":\"ReadAction\",\"target\":[\"https:\/\/www.alizn-carbon-fiber.com\/best-carbon-fiber-hood-for-x6m-comp-supplier\/\"]}]},{\"@type\":\"ImageObject\",\"inLanguage\":\"pt-BR\",\"@id\":\"https:\/\/www.alizn-carbon-fiber.com\/best-carbon-fiber-hood-for-x6m-comp-supplier\/#primaryimage\",\"url\":\"https:\/\/www.alizn-carbon-fiber.com\/wp-content\/uploads\/2025\/09\/best-carbon-fiber-hood-for-bmw-x6m-comp.webp\",\"contentUrl\":\"https:\/\/www.alizn-carbon-fiber.com\/wp-content\/uploads\/2025\/09\/best-carbon-fiber-hood-for-bmw-x6m-comp.webp\",\"width\":1920,\"height\":1080,\"caption\":\"best carbon fiber hood for bmw x6m comp\"},{\"@type\":\"BreadcrumbList\",\"@id\":\"https:\/\/www.alizn-carbon-fiber.com\/best-carbon-fiber-hood-for-x6m-comp-supplier\/#breadcrumb\",\"itemListElement\":[{\"@type\":\"ListItem\",\"position\":1,\"name\":\"Home\",\"item\":\"https:\/\/www.alizn-carbon-fiber.com\/\"},{\"@type\":\"ListItem\",\"position\":2,\"name\":\"Best Carbon Fiber Hood for X6M Comp Supplier\"}]},{\"@type\":\"WebSite\",\"@id\":\"https:\/\/www.alizn-carbon-fiber.com\/#website\",\"url\":\"https:\/\/www.alizn-carbon-fiber.com\/\",\"name\":\"Alizn Custom Carbon Fiber Factory\",\"description\":\"Alizn specialize in tailoring custom carbon fiber parts to the unique and rigorous demands of diverse customers and applications, from consumer goods to medical devices to robotics to car.\",\"publisher\":{\"@id\":\"https:\/\/www.alizn-carbon-fiber.com\/#organization\"},\"potentialAction\":[{\"@type\":\"SearchAction\",\"target\":{\"@type\":\"EntryPoint\",\"urlTemplate\":\"https:\/\/www.alizn-carbon-fiber.com\/?s={search_term_string}\"},\"query-input\":{\"@type\":\"PropertyValueSpecification\",\"valueRequired\":true,\"valueName\":\"search_term_string\"}}],\"inLanguage\":\"pt-BR\"},{\"@type\":\"Organization\",\"@id\":\"https:\/\/www.alizn-carbon-fiber.com\/#organization\",\"name\":\"Alizn\",\"url\":\"https:\/\/www.alizn-carbon-fiber.com\/\",\"logo\":{\"@type\":\"ImageObject\",\"inLanguage\":\"pt-BR\",\"@id\":\"https:\/\/www.alizn-carbon-fiber.com\/#\/schema\/logo\/image\/\",\"url\":\"https:\/\/www.alizn-carbon-fiber.com\/wp-content\/uploads\/2025\/03\/ali-512.png\",\"contentUrl\":\"https:\/\/www.alizn-carbon-fiber.com\/wp-content\/uploads\/2025\/03\/ali-512.png\",\"width\":512,\"height\":512,\"caption\":\"Alizn\"},\"image\":{\"@id\":\"https:\/\/www.alizn-carbon-fiber.com\/#\/schema\/logo\/image\/\"},\"sameAs\":[\"https:\/\/www.facebook.com\/alizncarbon\",\"https:\/\/x.com\/alizncarbon\",\"https:\/\/www.youtube.com\/@alizncarbon\",\"https:\/\/www.instagram.com\/alizncarbon\",\"https:\/\/www.pinterest.com\/alizncarbon\"]},{\"@type\":\"Person\",\"@id\":\"https:\/\/www.alizn-carbon-fiber.com\/#\/schema\/person\/aa683e4d307323019d85f49ca1bb99b0\",\"name\":\"Alizn\",\"image\":{\"@type\":\"ImageObject\",\"inLanguage\":\"pt-BR\",\"@id\":\"https:\/\/www.alizn-carbon-fiber.com\/#\/schema\/person\/image\/\",\"url\":\"https:\/\/secure.gravatar.com\/avatar\/927278fe2b0125723dcf92b679a8fa8059f67125bc41628856832e754e42b724?s=96&d=mm&r=g\",\"contentUrl\":\"https:\/\/secure.gravatar.com\/avatar\/927278fe2b0125723dcf92b679a8fa8059f67125bc41628856832e754e42b724?s=96&d=mm&r=g\",\"caption\":\"Alizn\"},\"sameAs\":[\"https:\/\/www.alizn-carbon-fiber.com\"],\"url\":\"https:\/\/www.alizn-carbon-fiber.com\/pt\/author\/alizn\/\"}]}<\/script>\n<!-- \/ Yoast SEO Premium plugin. -->","yoast_head_json":{"title":"Melhor cap\u00f4 de fibra de carbono para X6M Comp Fornecedor - Alizn","description":"A Alizn oferece o melhor cap\u00f4 de fibra de carbono para o X6M Comp com desempenho leve, acabamento premium e personaliza\u00e7\u00e3o completa.","robots":{"index":"index","follow":"follow","max-snippet":"max-snippet:-1","max-image-preview":"max-image-preview:large","max-video-preview":"max-video-preview:-1"},"canonical":"https:\/\/www.alizn-carbon-fiber.com\/pt\/melhor-fornecedor-de-capota-de-fibra-de-carbono-para-x6m-comp\/","og_locale":"pt_BR","og_type":"article","og_title":"Best Carbon Fiber Hood for X6M Comp Supplier","og_description":"Alizn offers the best carbon fiber hood for X6M Comp with lightweight performance, premium finish, and full customization.","og_url":"https:\/\/www.alizn-carbon-fiber.com\/pt\/melhor-fornecedor-de-capota-de-fibra-de-carbono-para-x6m-comp\/","og_site_name":"Alizn","article_publisher":"https:\/\/www.facebook.com\/alizncarbon","article_published_time":"2025-09-03T11:53:15+00:00","article_modified_time":"2025-09-03T11:53:18+00:00","og_image":[{"width":1920,"height":1080,"url":"https:\/\/www.alizn-carbon-fiber.com\/wp-content\/uploads\/2025\/09\/best-carbon-fiber-hood-for-bmw-x6m-comp.webp","type":"image\/webp"}],"author":"Alizn","twitter_card":"summary_large_image","twitter_creator":"@alizncarbon","twitter_site":"@alizncarbon","twitter_misc":{"Escrito por":"Alizn","Est. tempo de leitura":"7 minutos"},"schema":{"@context":"https:\/\/schema.org","@graph":[{"@type":"Article","@id":"https:\/\/www.alizn-carbon-fiber.com\/best-carbon-fiber-hood-for-x6m-comp-supplier\/#article","isPartOf":{"@id":"https:\/\/www.alizn-carbon-fiber.com\/best-carbon-fiber-hood-for-x6m-comp-supplier\/"},"author":{"name":"Alizn","@id":"https:\/\/www.alizn-carbon-fiber.com\/#\/schema\/person\/aa683e4d307323019d85f49ca1bb99b0"},"headline":"Best Carbon Fiber Hood for X6M Comp Supplier","datePublished":"2025-09-03T11:53:15+00:00","dateModified":"2025-09-03T11:53:18+00:00","mainEntityOfPage":{"@id":"https:\/\/www.alizn-carbon-fiber.com\/best-carbon-fiber-hood-for-x6m-comp-supplier\/"},"wordCount":1090,"publisher":{"@id":"https:\/\/www.alizn-carbon-fiber.com\/#organization"},"image":{"@id":"https:\/\/www.alizn-carbon-fiber.com\/best-carbon-fiber-hood-for-x6m-comp-supplier\/#primaryimage"},"thumbnailUrl":"https:\/\/www.alizn-carbon-fiber.com\/wp-content\/uploads\/2025\/09\/best-carbon-fiber-hood-for-bmw-x6m-comp.webp","keywords":["Carbon fiber hoods customization guide"],"articleSection":["Custom Carbon Fiber Knowledge","Custom Carbon Fiber WiKi"],"inLanguage":"pt-BR"},{"@type":"WebPage","@id":"https:\/\/www.alizn-carbon-fiber.com\/best-carbon-fiber-hood-for-x6m-comp-supplier\/","url":"https:\/\/www.alizn-carbon-fiber.com\/best-carbon-fiber-hood-for-x6m-comp-supplier\/","name":"Melhor cap\u00f4 de fibra de carbono para X6M Comp Fornecedor - Alizn","isPartOf":{"@id":"https:\/\/www.alizn-carbon-fiber.com\/#website"},"primaryImageOfPage":{"@id":"https:\/\/www.alizn-carbon-fiber.com\/best-carbon-fiber-hood-for-x6m-comp-supplier\/#primaryimage"},"image":{"@id":"https:\/\/www.alizn-carbon-fiber.com\/best-carbon-fiber-hood-for-x6m-comp-supplier\/#primaryimage"},"thumbnailUrl":"https:\/\/www.alizn-carbon-fiber.com\/wp-content\/uploads\/2025\/09\/best-carbon-fiber-hood-for-bmw-x6m-comp.webp","datePublished":"2025-09-03T11:53:15+00:00","dateModified":"2025-09-03T11:53:18+00:00","description":"A Alizn oferece o melhor cap\u00f4 de fibra de carbono para o X6M Comp com desempenho leve, acabamento premium e personaliza\u00e7\u00e3o completa.","breadcrumb":{"@id":"https:\/\/www.alizn-carbon-fiber.com\/best-carbon-fiber-hood-for-x6m-comp-supplier\/#breadcrumb"},"inLanguage":"pt-BR","potentialAction":[{"@type":"ReadAction","target":["https:\/\/www.alizn-carbon-fiber.com\/best-carbon-fiber-hood-for-x6m-comp-supplier\/"]}]},{"@type":"ImageObject","inLanguage":"pt-BR","@id":"https:\/\/www.alizn-carbon-fiber.com\/best-carbon-fiber-hood-for-x6m-comp-supplier\/#primaryimage","url":"https:\/\/www.alizn-carbon-fiber.com\/wp-content\/uploads\/2025\/09\/best-carbon-fiber-hood-for-bmw-x6m-comp.webp","contentUrl":"https:\/\/www.alizn-carbon-fiber.com\/wp-content\/uploads\/2025\/09\/best-carbon-fiber-hood-for-bmw-x6m-comp.webp","width":1920,"height":1080,"caption":"best carbon fiber hood for bmw x6m comp"},{"@type":"BreadcrumbList","@id":"https:\/\/www.alizn-carbon-fiber.com\/best-carbon-fiber-hood-for-x6m-comp-supplier\/#breadcrumb","itemListElement":[{"@type":"ListItem","position":1,"name":"Home","item":"https:\/\/www.alizn-carbon-fiber.com\/"},{"@type":"ListItem","position":2,"name":"Best Carbon Fiber Hood for X6M Comp Supplier"}]},{"@type":"WebSite","@id":"https:\/\/www.alizn-carbon-fiber.com\/#website","url":"https:\/\/www.alizn-carbon-fiber.com\/","name":"F\u00e1brica de fibra de carbono personalizada Alizn","description":"A Alizn \u00e9 especializada em adaptar pe\u00e7as personalizadas de fibra de carbono \u00e0s demandas exclusivas e rigorosas de diversos clientes e aplica\u00e7\u00f5es, de bens de consumo a dispositivos m\u00e9dicos, rob\u00f3tica e autom\u00f3veis.","publisher":{"@id":"https:\/\/www.alizn-carbon-fiber.com\/#organization"},"potentialAction":[{"@type":"SearchAction","target":{"@type":"EntryPoint","urlTemplate":"https:\/\/www.alizn-carbon-fiber.com\/?s={search_term_string}"},"query-input":{"@type":"PropertyValueSpecification","valueRequired":true,"valueName":"search_term_string"}}],"inLanguage":"pt-BR"},{"@type":"Organization","@id":"https:\/\/www.alizn-carbon-fiber.com\/#organization","name":"Alizn","url":"https:\/\/www.alizn-carbon-fiber.com\/","logo":{"@type":"ImageObject","inLanguage":"pt-BR","@id":"https:\/\/www.alizn-carbon-fiber.com\/#\/schema\/logo\/image\/","url":"https:\/\/www.alizn-carbon-fiber.com\/wp-content\/uploads\/2025\/03\/ali-512.png","contentUrl":"https:\/\/www.alizn-carbon-fiber.com\/wp-content\/uploads\/2025\/03\/ali-512.png","width":512,"height":512,"caption":"Alizn"},"image":{"@id":"https:\/\/www.alizn-carbon-fiber.com\/#\/schema\/logo\/image\/"},"sameAs":["https:\/\/www.facebook.com\/alizncarbon","https:\/\/x.com\/alizncarbon","https:\/\/www.youtube.com\/@alizncarbon","https:\/\/www.instagram.com\/alizncarbon","https:\/\/www.pinterest.com\/alizncarbon"]},{"@type":"Person","@id":"https:\/\/www.alizn-carbon-fiber.com\/#\/schema\/person\/aa683e4d307323019d85f49ca1bb99b0","name":"Alizn","image":{"@type":"ImageObject","inLanguage":"pt-BR","@id":"https:\/\/www.alizn-carbon-fiber.com\/#\/schema\/person\/image\/","url":"https:\/\/secure.gravatar.com\/avatar\/927278fe2b0125723dcf92b679a8fa8059f67125bc41628856832e754e42b724?s=96&d=mm&r=g","contentUrl":"https:\/\/secure.gravatar.com\/avatar\/927278fe2b0125723dcf92b679a8fa8059f67125bc41628856832e754e42b724?s=96&d=mm&r=g","caption":"Alizn"},"sameAs":["https:\/\/www.alizn-carbon-fiber.com"],"url":"https:\/\/www.alizn-carbon-fiber.com\/pt\/author\/alizn\/"}]}},"_links":{"self":[{"href":"https:\/\/www.alizn-carbon-fiber.com\/pt\/wp-json\/wp\/v2\/posts\/7039","targetHints":{"allow":["GET"]}}],"collection":[{"href":"https:\/\/www.alizn-carbon-fiber.com\/pt\/wp-json\/wp\/v2\/posts"}],"about":[{"href":"https:\/\/www.alizn-carbon-fiber.com\/pt\/wp-json\/wp\/v2\/types\/post"}],"author":[{"embeddable":true,"href":"https:\/\/www.alizn-carbon-fiber.com\/pt\/wp-json\/wp\/v2\/users\/1"}],"replies":[{"embeddable":true,"href":"https:\/\/www.alizn-carbon-fiber.com\/pt\/wp-json\/wp\/v2\/comments?post=7039"}],"version-history":[{"count":0,"href":"https:\/\/www.alizn-carbon-fiber.com\/pt\/wp-json\/wp\/v2\/posts\/7039\/revisions"}],"wp:featuredmedia":[{"embeddable":true,"href":"https:\/\/www.alizn-carbon-fiber.com\/pt\/wp-json\/wp\/v2\/media\/7041"}],"wp:attachment":[{"href":"https:\/\/www.alizn-carbon-fiber.com\/pt\/wp-json\/wp\/v2\/media?parent=7039"}],"wp:term":[{"taxonomy":"category","embeddable":true,"href":"https:\/\/www.alizn-carbon-fiber.com\/pt\/wp-json\/wp\/v2\/categories?post=7039"},{"taxonomy":"post_tag","embeddable":true,"href":"https:\/\/www.alizn-carbon-fiber.com\/pt\/wp-json\/wp\/v2\/tags?post=7039"}],"curies":[{"name":"wp","href":"https:\/\/api.w.org\/{rel}","templated":true}]}}