{"id":4656,"date":"2025-05-29T19:39:41","date_gmt":"2025-05-29T11:39:41","guid":{"rendered":"https:\/\/www.alizn-carbon-fiber.com\/?p=4656"},"modified":"2025-06-02T23:12:44","modified_gmt":"2025-06-02T15:12:44","slug":"como-personalizar-o-melhor-capacete-de-fibra-de-carbono-na-fabrica","status":"publish","type":"post","link":"https:\/\/www.alizn-carbon-fiber.com\/pt\/how-to-customize-the-best-carbon-fiber-hard-hat-in-factory\/","title":{"rendered":"Como personalizar o melhor capacete de fibra de carbono da f\u00e1brica"},"content":{"rendered":"<h3 class=\"wp-block-heading\" id=\"h-understanding-carbon-fiber-hard-hats\">Entendendo os capacetes de fibra de carbono<\/h3>\n\n\n\n<p>Os capacetes de fibra de carbono s\u00e3o conhecidos por suas propriedades leves, dur\u00e1veis e de alta resist\u00eancia, o que os torna ideais para setores que exigem prote\u00e7\u00e3o robusta para a cabe\u00e7a, como constru\u00e7\u00e3o, minera\u00e7\u00e3o e manufatura. Diferentemente dos capacetes tradicionais feitos de pl\u00e1stico ou fibra de vidro, os capacetes de fibra de carbono oferecem resist\u00eancia superior a impactos e uma apar\u00eancia elegante e moderna. Na Alizn, entendemos que cada cliente tem necessidades exclusivas, e nossa meta \u00e9 ajud\u00e1-lo a navegar pelo <a href=\"https:\/\/www.alizn-carbon-fiber.com\/pt\/capacetes-de-fibra-de-carbono-personalizados\/\" target=\"_blank\" rel=\"noreferrer noopener\">processo de personaliza\u00e7\u00e3o<\/a> para criar o melhor capacete de fibra de carbono para sua aplica\u00e7\u00e3o.<\/p>\n\n\n\n<h4 class=\"wp-block-heading\" id=\"h-why-choose-carbon-fiber-for-hard-hats\">Por que escolher fibra de carbono para capacetes?<\/h4>\n\n\n\n<p>A fibra de carbono \u00e9 um material composto conhecido por sua excepcional rela\u00e7\u00e3o resist\u00eancia\/peso. Um capacete de fibra de carbono real oferece maior durabilidade sem comprometer o conforto, o que o torna a melhor op\u00e7\u00e3o para profissionais que trabalham em ambientes exigentes. N\u00e3o importa se voc\u00ea est\u00e1 procurando um capacete de fibra de carbono de aba inteira para prote\u00e7\u00e3o solar extra ou um capacete de fibra de carbono para cowboys para um estilo diferenciado, a fibra de carbono oferece um desempenho inigual\u00e1vel. Nossa experi\u00eancia na Alizn nos permite criar capacetes que atendam aos padr\u00f5es de seguran\u00e7a do setor e, ao mesmo tempo, incorporem os elementos de design de sua prefer\u00eancia.<\/p>\n\n\n\n<h3 class=\"wp-block-heading\" id=\"h-customization-options-for-best-carbon-fiber-hard-hat\">Op\u00e7\u00f5es de personaliza\u00e7\u00e3o para o melhor capacete de fibra de carbono<\/h3>\n\n\n\n<p>A personaliza\u00e7\u00e3o de um capacete de fibra de carbono envolve v\u00e1rias decis\u00f5es importantes, incluindo a sele\u00e7\u00e3o do material, a cor, o projeto estrutural e o acabamento. Abaixo, detalhamos cada op\u00e7\u00e3o para ajud\u00e1-lo a fazer a melhor escolha para suas necessidades.<\/p>\n\n\n\n<h4 class=\"wp-block-heading\" id=\"h-1-color-options-for-carbon-fiber-hard-hat\">1. Op\u00e7\u00f5es de cores para o capacete de fibra de carbono<\/h4>\n\n\n\n<p>A cor desempenha um papel importante no apelo est\u00e9tico e na funcionalidade de um capacete. Na Alizn, oferecemos uma variedade de <a href=\"https:\/\/www.alizn-carbon-fiber.com\/pt\/cor-e-aparencia-das-pecas-personalizadas-de-fibra-de-carbono\/\" target=\"_blank\" rel=\"noreferrer noopener\">op\u00e7\u00f5es de cores<\/a> para atender \u00e0s suas prefer\u00eancias, garantindo que o capacete de fibra de carbono se alinhe \u00e0 sua marca ou ao seu estilo pessoal. Abaixo est\u00e1 uma tabela que resume as op\u00e7\u00f5es de cores dispon\u00edveis e seus benef\u00edcios:<\/p>\n\n\n\n<figure class=\"wp-block-table\"><table class=\"has-fixed-layout\"><thead><tr><th>Op\u00e7\u00e3o de cor<\/th><th>Descri\u00e7\u00e3o<\/th><th>Melhor caso de uso<\/th><\/tr><\/thead><tbody><tr><td>Capacete de fibra de carbono branco<\/td><td>Brilhante e refletivo, ideal para ambientes de alta visibilidade.<\/td><td>Canteiros de obras, trabalho ao ar livre em climas quentes.<\/td><\/tr><tr><td>Capacete de fibra de carbono preto<\/td><td>Elegante e profissional, resistente a sujeira e manchas vis\u00edveis.<\/td><td>Ambientes industriais, constru\u00e7\u00e3o urbana.<\/td><\/tr><tr><td>Capacete de fibra de carbono azul<\/td><td>Vibrante e moderno, geralmente usado para diferencia\u00e7\u00e3o de equipes.<\/td><td>Minera\u00e7\u00e3o, projetos baseados em equipe.<\/td><\/tr><tr><td>Capacete de fibra de carbono marrom<\/td><td>Tom terroso, combinando estilo com um visual robusto.<\/td><td>Florestas, ambientes externos adversos.<\/td><\/tr><tr><td>Capacete de fibra de carbono vermelho<\/td><td>Negrito e que chama a aten\u00e7\u00e3o, ideal para supervisores ou \u00e1reas de alto risco.<\/td><td>Resposta a emerg\u00eancias, fun\u00e7\u00f5es de lideran\u00e7a.<\/td><\/tr><tr><td>Capacete de fibra de carbono laranja<\/td><td>Alta visibilidade, excelente para ambientes com foco em seguran\u00e7a.<\/td><td>Obras em estradas, zonas de constru\u00e7\u00e3o de alto tr\u00e1fego.<\/td><\/tr><\/tbody><\/table><\/figure>\n\n\n\n<p>Ao escolher uma cor, considere o ambiente de trabalho e os requisitos de seguran\u00e7a. Por exemplo, um capacete de fibra de carbono branco ou laranja \u00e9 ideal para ambientes de alta visibilidade, enquanto um capacete de fibra de carbono preto oferece uma apar\u00eancia profissional para ambientes com menos poeira. Na Alizn, usamos t\u00e9cnicas avan\u00e7adas de colora\u00e7\u00e3o para garantir que a tonalidade escolhida seja dur\u00e1vel e resistente ao desbotamento, mantendo a apar\u00eancia do capacete ao longo do tempo.<\/p>\n\n\n\n<h4 class=\"wp-block-heading\" id=\"h-2-structural-design-and-functional-features\">2. Projeto estrutural e recursos funcionais<\/h4>\n\n\n\n<p>O projeto estrutural de um capacete de fibra de carbono determina sua funcionalidade, conforto e adequa\u00e7\u00e3o a tarefas espec\u00edficas. A Alizn oferece projetos personalizados com recursos funcionais integrados, conforme detalhado abaixo:<\/p>\n\n\n\n<figure class=\"wp-block-table\"><table class=\"has-fixed-layout\"><thead><tr><th>Design\/Feature<\/th><th>Recursos<\/th><th>Melhor caso de uso<\/th><\/tr><\/thead><tbody><tr><td>Capacete de fibra de carbono com aba completa<\/td><td>Aba de 360 graus para prote\u00e7\u00e3o contra sol, chuva e detritos.<\/td><td>Trabalho ao ar livre, condi\u00e7\u00f5es clim\u00e1ticas extremas.<\/td><\/tr><tr><td>Capacete de fibra de carbono para cowboys<\/td><td>Design de aba larga, estilo cowboy, para uma est\u00e9tica \u00fanica.<\/td><td>Agricultura, pecu\u00e1ria ou marca estil\u00edstica.<\/td><\/tr><tr><td>Ranhuras de ventila\u00e7\u00e3o<\/td><td>Canais de fluxo de ar para melhorar o conforto em ambientes quentes.<\/td><td>Uso prolongado em climas quentes.<\/td><\/tr><tr><td>Sistema de suspens\u00e3o<\/td><td>Suspens\u00f5es com catraca de 4 ou 6 pontos para ajuste ajust\u00e1vel e absor\u00e7\u00e3o de impacto.<\/td><td>Maior conforto e seguran\u00e7a.<\/td><\/tr><tr><td>Compatibilidade de acess\u00f3rios<\/td><td>Slots para viseiras, far\u00f3is ou protetores de ouvido.<\/td><td>Ambientes multitarefas, maior versatilidade.<\/td><\/tr><\/tbody><\/table><\/figure>\n\n\n\n<p>Um capacete de fibra de carbono com aba total \u00e9 ideal para trabalhadores externos que precisam de prote\u00e7\u00e3o abrangente, enquanto um capacete de fibra de carbono para cowboys combina estilo e funcionalidade para setores como o agr\u00edcola. As aberturas de ventila\u00e7\u00e3o aumentam o conforto de um capacete de fibra de carbono branco em climas quentes, enquanto os sistemas de suspens\u00e3o e a compatibilidade de acess\u00f3rios melhoram o ajuste e a utilidade em v\u00e1rios modelos.<\/p>\n\n\n\n<h4 class=\"wp-block-heading\" id=\"h-3-material-properties\">3. Propriedades do material<\/h4>\n\n\n\n<p>O desempenho de um capacete de fibra de carbono depende de sua <a href=\"https:\/\/www.alizn-carbon-fiber.com\/pt\/como-escolher-a-resistencia-a-tracao-e-o-modulo-em-fibra-de-carbono-personalizada\/\" target=\"_blank\" rel=\"noreferrer noopener\">resist\u00eancia \u00e0 tra\u00e7\u00e3o e m\u00f3dulo<\/a>que determinam a durabilidade e a rigidez. A tabela abaixo descreve as principais considera\u00e7\u00f5es:<\/p>\n\n\n\n<figure class=\"wp-block-table\"><table class=\"has-fixed-layout\"><thead><tr><th>Propriedade<\/th><th>Descri\u00e7\u00e3o<\/th><th>Melhor aplicativo<\/th><\/tr><\/thead><tbody><tr><td>Alta resist\u00eancia \u00e0 tra\u00e7\u00e3o<\/td><td>Resiste a altas tens\u00f5es, ideal para resist\u00eancia a impactos.<\/td><td>Ambientes de alto risco, uso pesado.<\/td><\/tr><tr><td>Resist\u00eancia \u00e0 tra\u00e7\u00e3o padr\u00e3o<\/td><td>Resist\u00eancia equilibrada para um desempenho econ\u00f4mico.<\/td><td>Configura\u00e7\u00f5es de impacto moderado, uso geral.<\/td><\/tr><tr><td>Alto m\u00f3dulo<\/td><td>Maior rigidez, minimizando a deforma\u00e7\u00e3o.<\/td><td>Aplica\u00e7\u00f5es de precis\u00e3o, estruturas r\u00edgidas.<\/td><\/tr><tr><td>M\u00f3dulo padr\u00e3o<\/td><td>Oferece flexibilidade para designs leves e confort\u00e1veis.<\/td><td>Uso geral, priorizando o conforto.<\/td><\/tr><\/tbody><\/table><\/figure>\n\n\n\n<p>Para ambientes de alto impacto, a alta resist\u00eancia \u00e0 tra\u00e7\u00e3o e o m\u00f3dulo garantem a melhor durabilidade do capacete de fibra de carbono. Em ambientes menos exigentes, um m\u00f3dulo padr\u00e3o proporciona conforto e economia. O Alizn o orienta na sele\u00e7\u00e3o das propriedades ideais para suas necessidades.<\/p>\n\n\n\n<p>A qualidade de um capacete de fibra de carbono depende dos materiais e das t\u00e9cnicas de fabrica\u00e7\u00e3o utilizados. Na Alizn, oferecemos duas op\u00e7\u00f5es de materiais principais: <a href=\"https:\/\/www.alizn-carbon-fiber.com\/pt\/prepreg-vs-tecido-seco-para-pecas-personalizadas-de-fibra-de-carbono-como-escolher\/\" target=\"_blank\" rel=\"noreferrer noopener\">fibra de carbono pr\u00e9-impregnada<\/a> e secar o tecido. Cada um deles tem benef\u00edcios exclusivos, conforme descrito abaixo:<\/p>\n\n\n\n<figure class=\"wp-block-table\"><table class=\"has-fixed-layout\"><thead><tr><th>Tipo de material<\/th><th>Caracter\u00edsticas<\/th><th>Melhor aplicativo<\/th><\/tr><\/thead><tbody><tr><td>Fibra de carbono pr\u00e9-impregnada<\/td><td>Pr\u00e9-impregnado com resina, oferecendo resist\u00eancia consistente e acabamentos suaves.<\/td><td>Capacetes de alta precis\u00e3o e alto desempenho.<\/td><\/tr><tr><td>Tecido seco<\/td><td>Permite maior personaliza\u00e7\u00e3o na aplica\u00e7\u00e3o da resina, ideal para projetos exclusivos.<\/td><td>Formas complexas ou texturas personalizadas.<\/td><\/tr><\/tbody><\/table><\/figure>\n\n\n\n<p>Para obter o melhor capacete de fibra de carbono, <a href=\"https:\/\/www.alizn-carbon-fiber.com\/pt\/distincao-entre-pre-impregnado-seco-e-peca-de-fibra-de-carbono-personalizada-umida\/\" target=\"_blank\" rel=\"noreferrer noopener\">fibra de carbono pr\u00e9-impregnada<\/a> por sua uniformidade e resist\u00eancia, especialmente para designs padr\u00e3o, como capacetes de fibra de carbono ou capacetes de fibra de carbono de aba inteira. O tecido seco \u00e9 mais adequado para projetos complexos, como um capacete de cowboy de fibra de carbono, em que a aplica\u00e7\u00e3o de resina personalizada pode melhorar a apar\u00eancia do produto final.<\/p>\n\n\n\n<h4 class=\"wp-block-heading\" id=\"h-4-tow-size-selection\">4. Sele\u00e7\u00e3o do tamanho do reboque<\/h4>\n\n\n\n<p>O tamanho do cabo, ou o n\u00famero de filamentos em um feixe de fibra de carbono, afeta a textura, a resist\u00eancia e a apar\u00eancia do capacete. O reboque 3K \u00e9 o mais comumente usado por sua versatilidade, conforme mostrado abaixo:<\/p>\n\n\n\n<figure class=\"wp-block-table\"><table class=\"has-fixed-layout\"><thead><tr><th>Tamanho do reboque<\/th><th>Caracter\u00edsticas<\/th><th>Melhor caso de uso<\/th><\/tr><\/thead><tbody><tr><td>1K tow<\/td><td>Trama ultrafina, est\u00e9tica premium, alta precis\u00e3o.<\/td><td>Capacetes de luxo ou de alta visibilidade.<\/td><\/tr><tr><td>3K tow<\/td><td>Mais comum, com for\u00e7a equilibrada e textura suave.<\/td><td>Projetos de uso geral e com foco na est\u00e9tica.<\/td><\/tr><tr><td>6K tow<\/td><td>Trama moderada, boa resist\u00eancia, custo-benef\u00edcio.<\/td><td>Aplica\u00e7\u00f5es pesadas, custo equilibrado.<\/td><\/tr><\/tbody><\/table><\/figure>\n\n\n\n<p>O <a href=\"https:\/\/www.alizn-carbon-fiber.com\/pt\/como-escolher-o-reboque-certo-para-uma-peca-personalizada-de-fibra-de-carbono\/\" target=\"_blank\" rel=\"noreferrer noopener\">3K tow<\/a> \u00e9 a escolha ideal para capacetes de fibra de carbono, oferecendo uma trama refinada que aprimora a apar\u00eancia de um capacete de fibra de carbono branco ou azul. Um reboque de 1K \u00e9 adequado para designs premium, enquanto um reboque de 6K \u00e9 ideal para aplica\u00e7\u00f5es robustas, como capacetes de fibra de carbono de aba inteira.<\/p>\n\n\n\n<h4 class=\"wp-block-heading\" id=\"h-5-manufacturing-processes\">5. Processos de fabrica\u00e7\u00e3o<\/h4>\n\n\n\n<p>O Alizn emprega t\u00e9cnicas avan\u00e7adas de fabrica\u00e7\u00e3o, com foco em <a href=\"https:\/\/www.alizn-carbon-fiber.com\/pt\/linha-de-autoclave-para-o-processo-de-fabricacao-de-pecas-de-fibra-de-carbono\/\" target=\"_blank\" rel=\"noreferrer noopener\">moldagem em autoclave<\/a> e <a href=\"https:\/\/www.alizn-carbon-fiber.com\/pt\/processo-de-moldagem-de-fibra-de-carbono-linha-de-producao-de-rtm\/\" target=\"_blank\" rel=\"noreferrer noopener\">moldagem por transfer\u00eancia de resina (RTM)<\/a> para produzir capacetes de fibra de carbono de alta qualidade:<\/p>\n\n\n\n<figure class=\"wp-block-table\"><table class=\"has-fixed-layout\"><thead><tr><th>Processo de fabrica\u00e7\u00e3o<\/th><th>Recursos<\/th><th>Vantagens<\/th><\/tr><\/thead><tbody><tr><td>Moldagem em autoclave<\/td><td>Cura de alta press\u00e3o para resist\u00eancia e precis\u00e3o superiores.<\/td><td>Capacetes de prote\u00e7\u00e3o premium, uso de alto desempenho.<\/td><\/tr><tr><td>Moldagem por transfer\u00eancia de resina (RTM)<\/td><td>Injeta resina em um molde para obter espessura e qualidade uniformes.<\/td><td>Eficiente para produ\u00e7\u00e3o em larga escala.<\/td><\/tr><\/tbody><\/table><\/figure>\n\n\n\n<p>A moldagem em autoclave \u00e9 recomendada para capacetes de fibra de carbono reais que exigem durabilidade excepcional, como aqueles em ambientes de alto impacto. O RTM \u00e9 ideal para a produ\u00e7\u00e3o de capacetes de fibra de carbono em grandes quantidades com qualidade consistente.<\/p>\n\n\n\n<h4 class=\"wp-block-heading\" id=\"h-6-finish-and-surface-options\">6. Op\u00e7\u00f5es de acabamento e superf\u00edcie<\/h4>\n\n\n\n<p>O acabamento de um capacete de fibra de carbono afeta sua est\u00e9tica e durabilidade. O Alizn oferece v\u00e1rios <a href=\"https:\/\/www.alizn-carbon-fiber.com\/pt\/diferentes-estilos-de-acabamento-em-fibra-de-carbono\/\" target=\"_blank\" rel=\"noreferrer noopener\">op\u00e7\u00f5es de acabamento<\/a>:<\/p>\n\n\n\n<figure class=\"wp-block-table\"><table class=\"has-fixed-layout\"><thead><tr><th>Tipo de acabamento<\/th><th>Descri\u00e7\u00e3o<\/th><th>Melhor aplicativo<\/th><\/tr><\/thead><tbody><tr><td>Acabamento brilhante<\/td><td>Refletivo, destaca a trama de fibra de carbono para uma apar\u00eancia premium.<\/td><td>Designs de marca e de alta visibilidade.<\/td><\/tr><tr><td>Acabamento fosco<\/td><td>N\u00e3o reflete, oculta arranh\u00f5es e oferece uma est\u00e9tica sutil.<\/td><td>Ambientes dif\u00edceis, configura\u00e7\u00f5es profissionais.<\/td><\/tr><tr><td>Acabamento texturizado<\/td><td>Texturas personalizadas para ader\u00eancia ou efeitos visuais exclusivos.<\/td><td>Aplicativos especializados, marca exclusiva.<\/td><\/tr><\/tbody><\/table><\/figure>\n\n\n\n<p>Um acabamento brilhante aprimora a vibra\u00e7\u00e3o de um capacete de fibra de carbono vermelho ou de um capacete de fibra de carbono azul, enquanto um acabamento fosco combina com um capacete de fibra de carbono preto para um visual dur\u00e1vel e discreto.<\/p>\n\n\n\n<h4 class=\"wp-block-heading\" id=\"h-7-additional-customization-features\">7. Recursos adicionais de personaliza\u00e7\u00e3o<\/h4>\n\n\n\n<p>Al\u00e9m dos principais elementos de design, o Alizn oferece recursos adicionais para aprimorar a funcionalidade do capacete de fibra de carbono:<\/p>\n\n\n\n<figure class=\"wp-block-table\"><table class=\"has-fixed-layout\"><thead><tr><th>Recurso<\/th><th>Descri\u00e7\u00e3o<\/th><th>Benef\u00edcio<\/th><\/tr><\/thead><tbody><tr><td>Otimiza\u00e7\u00e3o de peso<\/td><td>Materiais h\u00edbridos ou padr\u00f5es de disposi\u00e7\u00e3o para equilibrar peso e resist\u00eancia.<\/td><td>Conforto leve, desempenho dur\u00e1vel.<\/td><\/tr><tr><td>Integra\u00e7\u00e3o de logotipo\/marca<\/td><td>Impress\u00e3o em relevo, gravura ou hidrogr\u00e1fica para logotipos ou padr\u00f5es.<\/td><td>Marca e personaliza\u00e7\u00e3o aprimoradas.<\/td><\/tr><tr><td>Punho antiderrapante<\/td><td>Superf\u00edcies texturizadas ou emborrachadas para melhor manuseio.<\/td><td>Maior seguran\u00e7a em condi\u00e7\u00f5es \u00famidas ou oleosas.<\/td><\/tr><tr><td>Revestimento resistente a UV<\/td><td>Protege contra a exposi\u00e7\u00e3o ao sol e o desbotamento.<\/td><td>Vida \u00fatil prolongada para uso externo.<\/td><\/tr><tr><td>Isolamento t\u00e9rmico<\/td><td>Camadas isolantes para temperaturas extremas.<\/td><td>Prote\u00e7\u00e3o em ambientes quentes ou frios.<\/td><\/tr><\/tbody><\/table><\/figure>\n\n\n\n<p>Esses recursos permitem que voc\u00ea personalize um capacete de fibra de carbono para necessidades espec\u00edficas, como resist\u00eancia aos raios UV para um capacete de fibra de carbono branco ou integra\u00e7\u00e3o de logotipo para um capacete de fibra de carbono branco. <a href=\"https:\/\/www.alizn-carbon-fiber.com\/pt\/fibra-de-carbono-personalizada-oem\/\" target=\"_blank\" rel=\"noreferrer noopener\">capacetes de fibra de carbono com marca<\/a>.<\/p>\n\n\n\n<h3 class=\"wp-block-heading\" id=\"h-oem-and-reverse-engineering-capabilities\">Capacidades de OEM e engenharia reversa<\/h3>\n\n\n\n<p>Na Alizn, temos orgulho de nossa capacidade de fornecer <a href=\"https:\/\/www.alizn-carbon-fiber.com\/pt\/fibra-de-carbono-personalizada-oem\/\" target=\"_blank\" rel=\"noreferrer noopener\">Servi\u00e7os de OEM<\/a> e fazer engenharia reversa de produtos de marca para atender ou exceder os padr\u00f5es do setor. N\u00e3o importa se voc\u00ea se inspirou em um capacete de fibra de carbono da lift, um capacete de fibra de carbono da klein, um capacete de fibra de carbono dax ou um capacete de fibra de carbono da msa, podemos replicar o material, a qualidade e o acabamento desses produtos - ou melhor\u00e1-los. Nosso processo de engenharia reversa envolve a an\u00e1lise do produto original para entender sua composi\u00e7\u00e3o, estrutura e t\u00e9cnicas de fabrica\u00e7\u00e3o, garantindo a entrega de um capacete de fibra de carbono real que corresponda ou supere o original.<\/p>\n\n\n\n<p>Por exemplo, se voc\u00ea admira o capacete de fibra de carbono para elevadores ou o capacete de fibra de carbono da klein tools, podemos produzir um capacete com materiais e qualidade id\u00eanticos, adaptados \u00e0s suas especifica\u00e7\u00f5es. Nossos recursos de OEM tamb\u00e9m nos permitem criar capacetes de marca para empresas que desejam estabelecer sua pr\u00f3pria linha de capacetes de fibra de carbono, garantindo consist\u00eancia e excel\u00eancia em cada unidade.<\/p>\n\n\n\n<h3 class=\"wp-block-heading\">Perguntas frequentes sobre capacetes de fibra de carbono<\/h3>\n\n\n\n<ol class=\"wp-block-list\">\n<li><strong>Quais s\u00e3o os padr\u00f5es de seguran\u00e7a que os capacetes de fibra de carbono atendem?<\/strong><br>Nossos capacetes de fibra de carbono est\u00e3o em conformidade com as normas ANSI Z89.1 e EN 397, garantindo seguran\u00e7a de alto n\u00edvel para aplica\u00e7\u00f5es industriais.<\/li>\n\n\n\n<li><strong>Posso personalizar o tamanho de um capacete de fibra de carbono?<\/strong><br>Sim, oferecemos sistemas de suspens\u00e3o ajust\u00e1veis (4 pontos ou 6 pontos) para garantir um ajuste seguro e confort\u00e1vel para todos os tamanhos de cabe\u00e7a.<\/li>\n\n\n\n<li><strong>Como fa\u00e7o para manter e limpar meu capacete de fibra de carbono?<\/strong><br>Use \u00e1gua e sab\u00e3o neutro para limpar a superf\u00edcie, evitando produtos qu\u00edmicos agressivos para preservar o acabamento e a integridade estrutural.<\/li>\n\n\n\n<li><strong>Os capacetes de fibra de carbono s\u00e3o adequados para temperaturas extremas?<\/strong><br>Sim, podemos incorporar isolamento t\u00e9rmico e revestimentos resistentes a raios UV para aprimorar o desempenho em ambientes quentes ou frios.<\/li>\n\n\n\n<li><strong>Qual \u00e9 o prazo de entrega dos capacetes de fibra de carbono personalizados na Alizn?<\/strong><br>Normalmente, os pedidos personalizados levam de 4 a 6 semanas, dependendo da complexidade do design e do volume de produ\u00e7\u00e3o, garantindo um trabalho artesanal de alta qualidade.<\/li>\n\n\n\n<li><strong>Posso pedir uma amostra antes de fazer um pedido em massa?<\/strong><br>Com certeza, fornecemos amostras de prot\u00f3tipos para testar o ajuste, o design e a funcionalidade antes de nos comprometermos com pedidos maiores.<\/li>\n\n\n\n<li><strong>Quais setores se beneficiam mais dos capacetes de fibra de carbono?<\/strong><br>Constru\u00e7\u00e3o, minera\u00e7\u00e3o, silvicultura e agricultura se beneficiam de sua durabilidade leve e de seus recursos personaliz\u00e1veis.<\/li>\n<\/ol>\n\n\n\n<h3 class=\"wp-block-heading\">Considera\u00e7\u00f5es finais<\/h3>\n\n\n\n<p>Como especialistas em materiais compostos, estamos dispostos a&nbsp;<a href=\"https:\/\/wa.me\/8618930689530\">fornecer a voc\u00ea<\/a>&nbsp;com assist\u00eancia essencial. O julgamento correto agora evita custos excessivos, atrasos e resultados decepcionantes mais tarde.<\/p>\n\n\n\n<p>Precisa de orienta\u00e7\u00e3o sobre sua pe\u00e7a de fibra de carbono personalizada?&nbsp;<a href=\"https:\/\/www.alizn-carbon-fiber.com\/pt\/entre-em-contato-com-a-fabrica-do-alizn\/\">Entre em contato com a nossa equipe para obter orienta\u00e7\u00e3o especializada<\/a>.<\/p>","protected":false},"excerpt":{"rendered":"<p>Este artigo explora as op\u00e7\u00f5es de personaliza\u00e7\u00e3o dos capacetes de fibra de carbono. Ele detalha as op\u00e7\u00f5es de cores, como branco, preto, azul, vermelho, laranja e marrom, os designs estruturais, como os estilos de aba inteira e cowboy, e as propriedades do material, como resist\u00eancia \u00e0 tra\u00e7\u00e3o e tamanho do reboque. Como fabricante de pe\u00e7as de fibra de carbono, tamb\u00e9m oferecemos servi\u00e7os de OEM e engenharia reversa para igualar ou superar produtos de marca, como os capacetes de fibra de carbono Lift klein Dax Msa.<\/p>","protected":false},"author":1,"featured_media":4662,"comment_status":"closed","ping_status":"open","sticky":false,"template":"","format":"standard","meta":{"site-sidebar-layout":"default","site-content-layout":"","ast-site-content-layout":"default","site-content-style":"default","site-sidebar-style":"default","ast-global-header-display":"","ast-banner-title-visibility":"","ast-main-header-display":"","ast-hfb-above-header-display":"","ast-hfb-below-header-display":"","ast-hfb-mobile-header-display":"","site-post-title":"","ast-breadcrumbs-content":"","ast-featured-img":"","footer-sml-layout":"","ast-disable-related-posts":"","theme-transparent-header-meta":"","adv-header-id-meta":"","stick-header-meta":"","header-above-stick-meta":"","header-main-stick-meta":"","header-below-stick-meta":"","astra-migrate-meta-layouts":"set","ast-page-background-enabled":"default","ast-page-background-meta":{"desktop":{"background-color":"","background-image":"","background-repeat":"repeat","background-position":"center center","background-size":"auto","background-attachment":"scroll","background-type":"","background-media":"","overlay-type":"","overlay-color":"","overlay-opacity":"","overlay-gradient":""},"tablet":{"background-color":"","background-image":"","background-repeat":"repeat","background-position":"center center","background-size":"auto","background-attachment":"scroll","background-type":"","background-media":"","overlay-type":"","overlay-color":"","overlay-opacity":"","overlay-gradient":""},"mobile":{"background-color":"","background-image":"","background-repeat":"repeat","background-position":"center center","background-size":"auto","background-attachment":"scroll","background-type":"","background-media":"","overlay-type":"","overlay-color":"","overlay-opacity":"","overlay-gradient":""}},"ast-content-background-meta":{"desktop":{"background-color":"var(--ast-global-color-5)","background-image":"","background-repeat":"repeat","background-position":"center center","background-size":"auto","background-attachment":"scroll","background-type":"","background-media":"","overlay-type":"","overlay-color":"","overlay-opacity":"","overlay-gradient":""},"tablet":{"background-color":"var(--ast-global-color-5)","background-image":"","background-repeat":"repeat","background-position":"center center","background-size":"auto","background-attachment":"scroll","background-type":"","background-media":"","overlay-type":"","overlay-color":"","overlay-opacity":"","overlay-gradient":""},"mobile":{"background-color":"var(--ast-global-color-5)","background-image":"","background-repeat":"repeat","background-position":"center center","background-size":"auto","background-attachment":"scroll","background-type":"","background-media":"","overlay-type":"","overlay-color":"","overlay-opacity":"","overlay-gradient":""}},"footnotes":""},"categories":[12,21],"tags":[16],"class_list":["post-4656","post","type-post","status-publish","format-standard","has-post-thumbnail","hentry","category-custom-carbon-fiber-knowledge","category-custom-carbon-fiber-wiki","tag-carbon-fiber-hard-hats-customization-guide"],"yoast_head":"<!-- This site is optimized with the Yoast SEO Premium plugin v26.3 (Yoast SEO v27.1.1) - https:\/\/yoast.com\/product\/yoast-seo-premium-wordpress\/ -->\n<title>How to customize the best carbon fiber hard hat in factory<\/title>\n<meta name=\"description\" content=\"Discover the best carbon fiber hard hat, customizable colors like white, black, blue, brown, red, and full brim or cowboy designs for superior protection.\" \/>\n<meta name=\"robots\" content=\"index, follow, max-snippet:-1, max-image-preview:large, max-video-preview:-1\" \/>\n<link rel=\"canonical\" href=\"https:\/\/www.alizn-carbon-fiber.com\/pt\/como-personalizar-o-melhor-capacete-de-fibra-de-carbono-na-fabrica\/\" \/>\n<meta property=\"og:locale\" content=\"pt_BR\" \/>\n<meta property=\"og:type\" content=\"article\" \/>\n<meta property=\"og:title\" content=\"How to customize the best carbon fiber hard hat in factory\" \/>\n<meta property=\"og:description\" content=\"Discover the best carbon fiber hard hat, customizable colors like white, black, blue, brown, red, and full brim or cowboy designs for superior protection.\" \/>\n<meta property=\"og:url\" content=\"https:\/\/www.alizn-carbon-fiber.com\/pt\/como-personalizar-o-melhor-capacete-de-fibra-de-carbono-na-fabrica\/\" \/>\n<meta property=\"og:site_name\" content=\"Alizn\" \/>\n<meta property=\"article:publisher\" content=\"https:\/\/www.facebook.com\/alizncarbon\" \/>\n<meta property=\"article:published_time\" content=\"2025-05-29T11:39:41+00:00\" \/>\n<meta property=\"article:modified_time\" content=\"2025-06-02T15:12:44+00:00\" \/>\n<meta property=\"og:image\" content=\"https:\/\/www.alizn-carbon-fiber.com\/wp-content\/uploads\/2025\/05\/custom-different-types-of-carbon-fiber-hard-hat.webp\" \/>\n\t<meta property=\"og:image:width\" content=\"1920\" \/>\n\t<meta property=\"og:image:height\" content=\"1080\" \/>\n\t<meta property=\"og:image:type\" content=\"image\/webp\" \/>\n<meta name=\"author\" content=\"Alizn\" \/>\n<meta name=\"twitter:card\" content=\"summary_large_image\" \/>\n<meta name=\"twitter:creator\" content=\"@alizncarbon\" \/>\n<meta name=\"twitter:site\" content=\"@alizncarbon\" \/>\n<meta name=\"twitter:label1\" content=\"Escrito por\" \/>\n\t<meta name=\"twitter:data1\" content=\"Alizn\" \/>\n\t<meta name=\"twitter:label2\" content=\"Est. tempo de leitura\" \/>\n\t<meta name=\"twitter:data2\" content=\"10 minutos\" \/>\n<script type=\"application\/ld+json\" class=\"yoast-schema-graph\">{\"@context\":\"https:\/\/schema.org\",\"@graph\":[{\"@type\":\"Article\",\"@id\":\"https:\/\/www.alizn-carbon-fiber.com\/how-to-customize-the-best-carbon-fiber-hard-hat-in-factory\/#article\",\"isPartOf\":{\"@id\":\"https:\/\/www.alizn-carbon-fiber.com\/how-to-customize-the-best-carbon-fiber-hard-hat-in-factory\/\"},\"author\":{\"name\":\"Alizn\",\"@id\":\"https:\/\/www.alizn-carbon-fiber.com\/#\/schema\/person\/aa683e4d307323019d85f49ca1bb99b0\"},\"headline\":\"How to customize the best carbon fiber hard hat in factory\",\"datePublished\":\"2025-05-29T11:39:41+00:00\",\"dateModified\":\"2025-06-02T15:12:44+00:00\",\"mainEntityOfPage\":{\"@id\":\"https:\/\/www.alizn-carbon-fiber.com\/how-to-customize-the-best-carbon-fiber-hard-hat-in-factory\/\"},\"wordCount\":1779,\"publisher\":{\"@id\":\"https:\/\/www.alizn-carbon-fiber.com\/#organization\"},\"image\":{\"@id\":\"https:\/\/www.alizn-carbon-fiber.com\/how-to-customize-the-best-carbon-fiber-hard-hat-in-factory\/#primaryimage\"},\"thumbnailUrl\":\"https:\/\/www.alizn-carbon-fiber.com\/wp-content\/uploads\/2025\/05\/custom-different-types-of-carbon-fiber-hard-hat.webp\",\"keywords\":[\"Carbon Fiber Hard Hats Customization Guide\"],\"articleSection\":[\"Custom Carbon Fiber Knowledge\",\"Custom Carbon Fiber WiKi\"],\"inLanguage\":\"pt-BR\"},{\"@type\":\"WebPage\",\"@id\":\"https:\/\/www.alizn-carbon-fiber.com\/how-to-customize-the-best-carbon-fiber-hard-hat-in-factory\/\",\"url\":\"https:\/\/www.alizn-carbon-fiber.com\/how-to-customize-the-best-carbon-fiber-hard-hat-in-factory\/\",\"name\":\"How to customize the best carbon fiber hard hat in factory\",\"isPartOf\":{\"@id\":\"https:\/\/www.alizn-carbon-fiber.com\/#website\"},\"primaryImageOfPage\":{\"@id\":\"https:\/\/www.alizn-carbon-fiber.com\/how-to-customize-the-best-carbon-fiber-hard-hat-in-factory\/#primaryimage\"},\"image\":{\"@id\":\"https:\/\/www.alizn-carbon-fiber.com\/how-to-customize-the-best-carbon-fiber-hard-hat-in-factory\/#primaryimage\"},\"thumbnailUrl\":\"https:\/\/www.alizn-carbon-fiber.com\/wp-content\/uploads\/2025\/05\/custom-different-types-of-carbon-fiber-hard-hat.webp\",\"datePublished\":\"2025-05-29T11:39:41+00:00\",\"dateModified\":\"2025-06-02T15:12:44+00:00\",\"description\":\"Discover the best carbon fiber hard hat, customizable colors like white, black, blue, brown, red, and full brim or cowboy designs for superior protection.\",\"breadcrumb\":{\"@id\":\"https:\/\/www.alizn-carbon-fiber.com\/how-to-customize-the-best-carbon-fiber-hard-hat-in-factory\/#breadcrumb\"},\"inLanguage\":\"pt-BR\",\"potentialAction\":[{\"@type\":\"ReadAction\",\"target\":[\"https:\/\/www.alizn-carbon-fiber.com\/how-to-customize-the-best-carbon-fiber-hard-hat-in-factory\/\"]}]},{\"@type\":\"ImageObject\",\"inLanguage\":\"pt-BR\",\"@id\":\"https:\/\/www.alizn-carbon-fiber.com\/how-to-customize-the-best-carbon-fiber-hard-hat-in-factory\/#primaryimage\",\"url\":\"https:\/\/www.alizn-carbon-fiber.com\/wp-content\/uploads\/2025\/05\/custom-different-types-of-carbon-fiber-hard-hat.webp\",\"contentUrl\":\"https:\/\/www.alizn-carbon-fiber.com\/wp-content\/uploads\/2025\/05\/custom-different-types-of-carbon-fiber-hard-hat.webp\",\"width\":1920,\"height\":1080,\"caption\":\"custom different types of carbon fiber hard hat\"},{\"@type\":\"BreadcrumbList\",\"@id\":\"https:\/\/www.alizn-carbon-fiber.com\/how-to-customize-the-best-carbon-fiber-hard-hat-in-factory\/#breadcrumb\",\"itemListElement\":[{\"@type\":\"ListItem\",\"position\":1,\"name\":\"Home\",\"item\":\"https:\/\/www.alizn-carbon-fiber.com\/\"},{\"@type\":\"ListItem\",\"position\":2,\"name\":\"How to customize the best carbon fiber hard hat in factory\"}]},{\"@type\":\"WebSite\",\"@id\":\"https:\/\/www.alizn-carbon-fiber.com\/#website\",\"url\":\"https:\/\/www.alizn-carbon-fiber.com\/\",\"name\":\"Alizn Custom Carbon Fiber Factory\",\"description\":\"Alizn specialize in tailoring custom carbon fiber parts to the unique and rigorous demands of diverse customers and applications, from consumer goods to medical devices to robotics to car.\",\"publisher\":{\"@id\":\"https:\/\/www.alizn-carbon-fiber.com\/#organization\"},\"potentialAction\":[{\"@type\":\"SearchAction\",\"target\":{\"@type\":\"EntryPoint\",\"urlTemplate\":\"https:\/\/www.alizn-carbon-fiber.com\/?s={search_term_string}\"},\"query-input\":{\"@type\":\"PropertyValueSpecification\",\"valueRequired\":true,\"valueName\":\"search_term_string\"}}],\"inLanguage\":\"pt-BR\"},{\"@type\":\"Organization\",\"@id\":\"https:\/\/www.alizn-carbon-fiber.com\/#organization\",\"name\":\"Alizn\",\"url\":\"https:\/\/www.alizn-carbon-fiber.com\/\",\"logo\":{\"@type\":\"ImageObject\",\"inLanguage\":\"pt-BR\",\"@id\":\"https:\/\/www.alizn-carbon-fiber.com\/#\/schema\/logo\/image\/\",\"url\":\"https:\/\/www.alizn-carbon-fiber.com\/wp-content\/uploads\/2025\/03\/ali-512.png\",\"contentUrl\":\"https:\/\/www.alizn-carbon-fiber.com\/wp-content\/uploads\/2025\/03\/ali-512.png\",\"width\":512,\"height\":512,\"caption\":\"Alizn\"},\"image\":{\"@id\":\"https:\/\/www.alizn-carbon-fiber.com\/#\/schema\/logo\/image\/\"},\"sameAs\":[\"https:\/\/www.facebook.com\/alizncarbon\",\"https:\/\/x.com\/alizncarbon\",\"https:\/\/www.youtube.com\/@alizncarbon\",\"https:\/\/www.instagram.com\/alizncarbon\",\"https:\/\/www.pinterest.com\/alizncarbon\"]},{\"@type\":\"Person\",\"@id\":\"https:\/\/www.alizn-carbon-fiber.com\/#\/schema\/person\/aa683e4d307323019d85f49ca1bb99b0\",\"name\":\"Alizn\",\"image\":{\"@type\":\"ImageObject\",\"inLanguage\":\"pt-BR\",\"@id\":\"https:\/\/www.alizn-carbon-fiber.com\/#\/schema\/person\/image\/\",\"url\":\"https:\/\/secure.gravatar.com\/avatar\/927278fe2b0125723dcf92b679a8fa8059f67125bc41628856832e754e42b724?s=96&d=mm&r=g\",\"contentUrl\":\"https:\/\/secure.gravatar.com\/avatar\/927278fe2b0125723dcf92b679a8fa8059f67125bc41628856832e754e42b724?s=96&d=mm&r=g\",\"caption\":\"Alizn\"},\"sameAs\":[\"https:\/\/www.alizn-carbon-fiber.com\"],\"url\":\"https:\/\/www.alizn-carbon-fiber.com\/pt\/author\/alizn\/\"}]}<\/script>\n<!-- \/ Yoast SEO Premium plugin. -->","yoast_head_json":{"title":"Como personalizar o melhor capacete de fibra de carbono da f\u00e1brica","description":"Descubra o melhor capacete de fibra de carbono, com cores personaliz\u00e1veis, como branco, preto, azul, marrom, vermelho e designs de aba inteira ou de cowboy para prote\u00e7\u00e3o superior.","robots":{"index":"index","follow":"follow","max-snippet":"max-snippet:-1","max-image-preview":"max-image-preview:large","max-video-preview":"max-video-preview:-1"},"canonical":"https:\/\/www.alizn-carbon-fiber.com\/pt\/como-personalizar-o-melhor-capacete-de-fibra-de-carbono-na-fabrica\/","og_locale":"pt_BR","og_type":"article","og_title":"How to customize the best carbon fiber hard hat in factory","og_description":"Discover the best carbon fiber hard hat, customizable colors like white, black, blue, brown, red, and full brim or cowboy designs for superior protection.","og_url":"https:\/\/www.alizn-carbon-fiber.com\/pt\/como-personalizar-o-melhor-capacete-de-fibra-de-carbono-na-fabrica\/","og_site_name":"Alizn","article_publisher":"https:\/\/www.facebook.com\/alizncarbon","article_published_time":"2025-05-29T11:39:41+00:00","article_modified_time":"2025-06-02T15:12:44+00:00","og_image":[{"width":1920,"height":1080,"url":"https:\/\/www.alizn-carbon-fiber.com\/wp-content\/uploads\/2025\/05\/custom-different-types-of-carbon-fiber-hard-hat.webp","type":"image\/webp"}],"author":"Alizn","twitter_card":"summary_large_image","twitter_creator":"@alizncarbon","twitter_site":"@alizncarbon","twitter_misc":{"Escrito por":"Alizn","Est. tempo de leitura":"10 minutos"},"schema":{"@context":"https:\/\/schema.org","@graph":[{"@type":"Article","@id":"https:\/\/www.alizn-carbon-fiber.com\/how-to-customize-the-best-carbon-fiber-hard-hat-in-factory\/#article","isPartOf":{"@id":"https:\/\/www.alizn-carbon-fiber.com\/how-to-customize-the-best-carbon-fiber-hard-hat-in-factory\/"},"author":{"name":"Alizn","@id":"https:\/\/www.alizn-carbon-fiber.com\/#\/schema\/person\/aa683e4d307323019d85f49ca1bb99b0"},"headline":"How to customize the best carbon fiber hard hat in factory","datePublished":"2025-05-29T11:39:41+00:00","dateModified":"2025-06-02T15:12:44+00:00","mainEntityOfPage":{"@id":"https:\/\/www.alizn-carbon-fiber.com\/how-to-customize-the-best-carbon-fiber-hard-hat-in-factory\/"},"wordCount":1779,"publisher":{"@id":"https:\/\/www.alizn-carbon-fiber.com\/#organization"},"image":{"@id":"https:\/\/www.alizn-carbon-fiber.com\/how-to-customize-the-best-carbon-fiber-hard-hat-in-factory\/#primaryimage"},"thumbnailUrl":"https:\/\/www.alizn-carbon-fiber.com\/wp-content\/uploads\/2025\/05\/custom-different-types-of-carbon-fiber-hard-hat.webp","keywords":["Carbon Fiber Hard Hats Customization Guide"],"articleSection":["Custom Carbon Fiber Knowledge","Custom Carbon Fiber WiKi"],"inLanguage":"pt-BR"},{"@type":"WebPage","@id":"https:\/\/www.alizn-carbon-fiber.com\/how-to-customize-the-best-carbon-fiber-hard-hat-in-factory\/","url":"https:\/\/www.alizn-carbon-fiber.com\/how-to-customize-the-best-carbon-fiber-hard-hat-in-factory\/","name":"Como personalizar o melhor capacete de fibra de carbono da f\u00e1brica","isPartOf":{"@id":"https:\/\/www.alizn-carbon-fiber.com\/#website"},"primaryImageOfPage":{"@id":"https:\/\/www.alizn-carbon-fiber.com\/how-to-customize-the-best-carbon-fiber-hard-hat-in-factory\/#primaryimage"},"image":{"@id":"https:\/\/www.alizn-carbon-fiber.com\/how-to-customize-the-best-carbon-fiber-hard-hat-in-factory\/#primaryimage"},"thumbnailUrl":"https:\/\/www.alizn-carbon-fiber.com\/wp-content\/uploads\/2025\/05\/custom-different-types-of-carbon-fiber-hard-hat.webp","datePublished":"2025-05-29T11:39:41+00:00","dateModified":"2025-06-02T15:12:44+00:00","description":"Descubra o melhor capacete de fibra de carbono, com cores personaliz\u00e1veis, como branco, preto, azul, marrom, vermelho e designs de aba inteira ou de cowboy para prote\u00e7\u00e3o superior.","breadcrumb":{"@id":"https:\/\/www.alizn-carbon-fiber.com\/how-to-customize-the-best-carbon-fiber-hard-hat-in-factory\/#breadcrumb"},"inLanguage":"pt-BR","potentialAction":[{"@type":"ReadAction","target":["https:\/\/www.alizn-carbon-fiber.com\/how-to-customize-the-best-carbon-fiber-hard-hat-in-factory\/"]}]},{"@type":"ImageObject","inLanguage":"pt-BR","@id":"https:\/\/www.alizn-carbon-fiber.com\/how-to-customize-the-best-carbon-fiber-hard-hat-in-factory\/#primaryimage","url":"https:\/\/www.alizn-carbon-fiber.com\/wp-content\/uploads\/2025\/05\/custom-different-types-of-carbon-fiber-hard-hat.webp","contentUrl":"https:\/\/www.alizn-carbon-fiber.com\/wp-content\/uploads\/2025\/05\/custom-different-types-of-carbon-fiber-hard-hat.webp","width":1920,"height":1080,"caption":"custom different types of carbon fiber hard hat"},{"@type":"BreadcrumbList","@id":"https:\/\/www.alizn-carbon-fiber.com\/how-to-customize-the-best-carbon-fiber-hard-hat-in-factory\/#breadcrumb","itemListElement":[{"@type":"ListItem","position":1,"name":"Home","item":"https:\/\/www.alizn-carbon-fiber.com\/"},{"@type":"ListItem","position":2,"name":"How to customize the best carbon fiber hard hat in factory"}]},{"@type":"WebSite","@id":"https:\/\/www.alizn-carbon-fiber.com\/#website","url":"https:\/\/www.alizn-carbon-fiber.com\/","name":"F\u00e1brica de fibra de carbono personalizada Alizn","description":"A Alizn \u00e9 especializada em adaptar pe\u00e7as personalizadas de fibra de carbono \u00e0s demandas exclusivas e rigorosas de diversos clientes e aplica\u00e7\u00f5es, de bens de consumo a dispositivos m\u00e9dicos, rob\u00f3tica e autom\u00f3veis.","publisher":{"@id":"https:\/\/www.alizn-carbon-fiber.com\/#organization"},"potentialAction":[{"@type":"SearchAction","target":{"@type":"EntryPoint","urlTemplate":"https:\/\/www.alizn-carbon-fiber.com\/?s={search_term_string}"},"query-input":{"@type":"PropertyValueSpecification","valueRequired":true,"valueName":"search_term_string"}}],"inLanguage":"pt-BR"},{"@type":"Organization","@id":"https:\/\/www.alizn-carbon-fiber.com\/#organization","name":"Alizn","url":"https:\/\/www.alizn-carbon-fiber.com\/","logo":{"@type":"ImageObject","inLanguage":"pt-BR","@id":"https:\/\/www.alizn-carbon-fiber.com\/#\/schema\/logo\/image\/","url":"https:\/\/www.alizn-carbon-fiber.com\/wp-content\/uploads\/2025\/03\/ali-512.png","contentUrl":"https:\/\/www.alizn-carbon-fiber.com\/wp-content\/uploads\/2025\/03\/ali-512.png","width":512,"height":512,"caption":"Alizn"},"image":{"@id":"https:\/\/www.alizn-carbon-fiber.com\/#\/schema\/logo\/image\/"},"sameAs":["https:\/\/www.facebook.com\/alizncarbon","https:\/\/x.com\/alizncarbon","https:\/\/www.youtube.com\/@alizncarbon","https:\/\/www.instagram.com\/alizncarbon","https:\/\/www.pinterest.com\/alizncarbon"]},{"@type":"Person","@id":"https:\/\/www.alizn-carbon-fiber.com\/#\/schema\/person\/aa683e4d307323019d85f49ca1bb99b0","name":"Alizn","image":{"@type":"ImageObject","inLanguage":"pt-BR","@id":"https:\/\/www.alizn-carbon-fiber.com\/#\/schema\/person\/image\/","url":"https:\/\/secure.gravatar.com\/avatar\/927278fe2b0125723dcf92b679a8fa8059f67125bc41628856832e754e42b724?s=96&d=mm&r=g","contentUrl":"https:\/\/secure.gravatar.com\/avatar\/927278fe2b0125723dcf92b679a8fa8059f67125bc41628856832e754e42b724?s=96&d=mm&r=g","caption":"Alizn"},"sameAs":["https:\/\/www.alizn-carbon-fiber.com"],"url":"https:\/\/www.alizn-carbon-fiber.com\/pt\/author\/alizn\/"}]}},"_links":{"self":[{"href":"https:\/\/www.alizn-carbon-fiber.com\/pt\/wp-json\/wp\/v2\/posts\/4656","targetHints":{"allow":["GET"]}}],"collection":[{"href":"https:\/\/www.alizn-carbon-fiber.com\/pt\/wp-json\/wp\/v2\/posts"}],"about":[{"href":"https:\/\/www.alizn-carbon-fiber.com\/pt\/wp-json\/wp\/v2\/types\/post"}],"author":[{"embeddable":true,"href":"https:\/\/www.alizn-carbon-fiber.com\/pt\/wp-json\/wp\/v2\/users\/1"}],"replies":[{"embeddable":true,"href":"https:\/\/www.alizn-carbon-fiber.com\/pt\/wp-json\/wp\/v2\/comments?post=4656"}],"version-history":[{"count":0,"href":"https:\/\/www.alizn-carbon-fiber.com\/pt\/wp-json\/wp\/v2\/posts\/4656\/revisions"}],"wp:featuredmedia":[{"embeddable":true,"href":"https:\/\/www.alizn-carbon-fiber.com\/pt\/wp-json\/wp\/v2\/media\/4662"}],"wp:attachment":[{"href":"https:\/\/www.alizn-carbon-fiber.com\/pt\/wp-json\/wp\/v2\/media?parent=4656"}],"wp:term":[{"taxonomy":"category","embeddable":true,"href":"https:\/\/www.alizn-carbon-fiber.com\/pt\/wp-json\/wp\/v2\/categories?post=4656"},{"taxonomy":"post_tag","embeddable":true,"href":"https:\/\/www.alizn-carbon-fiber.com\/pt\/wp-json\/wp\/v2\/tags?post=4656"}],"curies":[{"name":"wp","href":"https:\/\/api.w.org\/{rel}","templated":true}]}}