{"id":4653,"date":"2025-05-29T01:26:40","date_gmt":"2025-05-28T17:26:40","guid":{"rendered":"https:\/\/www.alizn-carbon-fiber.com\/?p=4653"},"modified":"2025-06-02T23:12:56","modified_gmt":"2025-06-02T15:12:56","slug":"capacete-de-fibra-de-carbono-versus-materiais-tradicionais","status":"publish","type":"post","link":"https:\/\/www.alizn-carbon-fiber.com\/pt\/carbon-fiber-hard-hat-vs-traditional-materials\/","title":{"rendered":"Capacete de fibra de carbono VS. Materiais tradicionais"},"content":{"rendered":"<h3 class=\"wp-block-heading\" id=\"h-the-significance-of-material-choice-in-hard-hats\">A import\u00e2ncia da escolha do material em capacetes de prote\u00e7\u00e3o<\/h3>\n\n\n\n<p>O material usado em um capacete determina sua capacidade de prote\u00e7\u00e3o contra os riscos do local de trabalho e, ao mesmo tempo, garante o conforto e a durabilidade do usu\u00e1rio. Materiais tradicionais como HDPE, ABS, fibra de vidro e a\u00e7o t\u00eam sido amplamente utilizados, mas os avan\u00e7os na tecnologia de compostos posicionaram os capacetes de fibra de carbono como uma op\u00e7\u00e3o superior. Na Alizn, fabricamos capacetes de fibra de carbono usando materiais <a href=\"https:\/\/www.alizn-carbon-fiber.com\/pt\/tecido-de-fibra-de-carbono-liso-versus-sarja-na-personalizacao\/\" target=\"_blank\" rel=\"noreferrer noopener\">fibras de carbono tran\u00e7adas<\/a> A fibra de carbono \u00e9 unida a uma resina de alto desempenho, criando um produto leve e robusto. Conhecida por seu uso em aplica\u00e7\u00f5es exigentes, como engenharia aeroespacial e automotiva, a fibra de carbono est\u00e1 revolucionando os equipamentos de prote\u00e7\u00e3o individual (EPI). Este artigo explora como os capacetes de fibra de carbono se comparam aos materiais tradicionais para ajud\u00e1-lo a fazer uma escolha informada.<\/p>\n\n\n\n<h3 class=\"wp-block-heading\" id=\"h-impact-resistance-and-structural-performance\">Resist\u00eancia ao impacto e desempenho estrutural<\/h3>\n\n\n\n<p>A fun\u00e7\u00e3o principal de um capacete \u00e9 proteger contra impactos de quedas de objetos ou colis\u00f5es, o que torna a resist\u00eancia ao impacto um fator cr\u00edtico. Os capacetes de fibra de carbono se destacam por sua alta <a href=\"https:\/\/www.alizn-carbon-fiber.com\/pt\/como-escolher-a-resistencia-a-tracao-e-o-modulo-em-fibra-de-carbono-personalizada\/\" target=\"_blank\" rel=\"noreferrer noopener\">resist\u00eancia \u00e0 tra\u00e7\u00e3o<\/a> e capacidade de absorver e distribuir a energia do impacto de forma eficaz.<\/p>\n\n\n\n<figure class=\"wp-block-table\"><table class=\"has-fixed-layout\"><thead><tr><th>Material<\/th><th>Resist\u00eancia ao impacto<\/th><th>Rela\u00e7\u00e3o for\u00e7a\/peso<\/th><\/tr><\/thead><tbody><tr><td>Fibra de carbono<\/td><td>Alta; excelente absor\u00e7\u00e3o de energia<\/td><td>Superior<\/td><\/tr><tr><td>PEAD (pl\u00e1stico)<\/td><td>Moderado; propenso a rachaduras sob forte impacto<\/td><td>Moderado<\/td><\/tr><tr><td>ABS (pl\u00e1stico)<\/td><td>Bom; melhor que o HDPE, mas menos robusto que a fibra de carbono<\/td><td>Bom<\/td><\/tr><tr><td>Fibra de vidro<\/td><td>Bom; resistente a rachaduras, mas mais pesado<\/td><td>Bom<\/td><\/tr><tr><td>A\u00e7o<\/td><td>Muito alto; dur\u00e1vel, mas propenso a amassar<\/td><td>Ruim devido ao peso pesado<\/td><\/tr><\/tbody><\/table><\/figure>\n\n\n\n<p>Capacete de prote\u00e7\u00e3o <a href=\"https:\/\/www.alizn-carbon-fiber.com\/pt\/capacetes-de-fibra-de-carbono-personalizados\/\" target=\"_blank\" rel=\"noreferrer noopener\">projetos em fibra de carbono<\/a> oferecem resist\u00eancia excepcional em rela\u00e7\u00e3o ao seu peso, permitindo que suportem impactos significativos sem se deformar. Isso os torna ideais para ambientes de alto risco, como constru\u00e7\u00e3o ou ind\u00fastria pesada. Os capacetes de HDPE, embora econ\u00f4micos, s\u00e3o propensos a rachar sob impactos severos. O pl\u00e1stico ABS oferece maior resist\u00eancia a impactos do que o HDPE, oferecendo um equil\u00edbrio entre resist\u00eancia e pre\u00e7o acess\u00edvel, mas fica aqu\u00e9m da absor\u00e7\u00e3o de energia superior da fibra de carbono. A fibra de vidro resiste a rachaduras, mas \u00e9 mais pesada, enquanto o a\u00e7o, embora altamente dur\u00e1vel, \u00e9 suscet\u00edvel a amassados, o que pode comprometer sua capacidade de prote\u00e7\u00e3o. Na Alizn, nossos capacetes de fibra de carbono s\u00e3o projetados para atender a rigorosos padr\u00f5es de seguran\u00e7a, como ANSI Z89.1 e EN 397, garantindo prote\u00e7\u00e3o confi\u00e1vel em diversas aplica\u00e7\u00f5es.<\/p>\n\n\n\n<h3 class=\"wp-block-heading\" id=\"h-weight-and-wearer-comfort\">Peso e conforto do usu\u00e1rio<\/h3>\n\n\n\n<p>O conforto \u00e9 essencial para os trabalhadores que usam capacetes por longos per\u00edodos, pois o peso excessivo pode causar fadiga, tens\u00e3o no pesco\u00e7o e redu\u00e7\u00e3o da produtividade. Os capacetes de fibra de carbono se destacam por sua constru\u00e7\u00e3o leve, aumentando a capacidade de uso durante todo o dia.<\/p>\n\n\n\n<figure class=\"wp-block-table\"><table class=\"has-fixed-layout\"><thead><tr><th>Material<\/th><th>Peso m\u00e9dio (oz)<\/th><th>N\u00edvel de conforto<\/th><\/tr><\/thead><tbody><tr><td>Fibra de carbono<\/td><td>10-14<\/td><td>Excepcional; leve e ergon\u00f4mico<\/td><\/tr><tr><td>PEAD (pl\u00e1stico)<\/td><td>12-16<\/td><td>Moderado; leve, mas menos dur\u00e1vel<\/td><\/tr><tr><td>ABS (pl\u00e1stico)<\/td><td>12-15<\/td><td>Bom; leve e confort\u00e1vel<\/td><\/tr><tr><td>Fibra de vidro<\/td><td>16-20<\/td><td>Razo\u00e1vel; mais pesado, pode causar desconforto<\/td><\/tr><tr><td>A\u00e7o<\/td><td>20-30<\/td><td>Baixo; pesado, contribui para a fadiga<\/td><\/tr><\/tbody><\/table><\/figure>\n\n\n\n<p>Os capacetes de fibra de carbono, que pesam entre 10 e 14 on\u00e7as, reduzem significativamente o esfor\u00e7o f\u00edsico em compara\u00e7\u00e3o com a fibra de vidro e o a\u00e7o. Os capacetes de ABS s\u00e3o um pouco mais leves do que os de HDPE, oferecendo bom conforto para aplica\u00e7\u00f5es de servi\u00e7o moderado, mas n\u00e3o t\u00eam a ergonomia premium da fibra de carbono. Na Alizn, incorporamos sistemas de suspens\u00e3o ajust\u00e1veis e estofamento respir\u00e1vel em nossos capacetes de prote\u00e7\u00e3o. <a href=\"https:\/\/www.alizn-carbon-fiber.com\/pt\/capacetes-de-fibra-de-carbono-personalizados\/\" target=\"_blank\" rel=\"noreferrer noopener\">Projetos de capacete de fibra de carbono<\/a>garantindo um ajuste seguro e o m\u00e1ximo de conforto para trabalhadores de setores como constru\u00e7\u00e3o, minera\u00e7\u00e3o ou servi\u00e7os p\u00fablicos.<\/p>\n\n\n\n<h3 class=\"wp-block-heading\" id=\"h-durability-and-longevity\">Durabilidade e longevidade<\/h3>\n\n\n\n<p>A durabilidade de um capacete afeta diretamente sua rela\u00e7\u00e3o custo-benef\u00edcio e sua capacidade de fornecer prote\u00e7\u00e3o consistente. Os capacetes de fibra de carbono s\u00e3o conhecidos por sua resili\u00eancia, mantendo o desempenho em condi\u00e7\u00f5es adversas.<\/p>\n\n\n\n<figure class=\"wp-block-table\"><table class=\"has-fixed-layout\"><thead><tr><th>Material<\/th><th>Durabilidade<\/th><th>Vida \u00fatil esperada (anos)<\/th><\/tr><\/thead><tbody><tr><td>Fibra de carbono<\/td><td>Excelente; resiste a UV, produtos qu\u00edmicos e abras\u00e3o<\/td><td>5-7<\/td><\/tr><tr><td>PEAD (pl\u00e1stico)<\/td><td>Razo\u00e1vel; propenso \u00e0 degrada\u00e7\u00e3o por UV<\/td><td>3-5<\/td><\/tr><tr><td>ABS (pl\u00e1stico)<\/td><td>Bom; melhor resist\u00eancia aos raios UV do que o HDPE<\/td><td>4-6<\/td><\/tr><tr><td>Fibra de vidro<\/td><td>Bom; resistente a produtos qu\u00edmicos, mas mais pesado<\/td><td>4-6<\/td><\/tr><tr><td>A\u00e7o<\/td><td>Resistente; suscet\u00edvel a ferrugem e amassados<\/td><td>5-8<\/td><\/tr><\/tbody><\/table><\/figure>\n\n\n\n<p>Capacetes de prote\u00e7\u00e3o <a href=\"https:\/\/www.alizn-carbon-fiber.com\/pt\/capacetes-de-fibra-de-carbono-personalizados\/\" target=\"_blank\" rel=\"noreferrer noopener\">fibra de carbono<\/a> s\u00e3o altamente resistentes a fatores ambientais, como radia\u00e7\u00e3o UV, temperaturas extremas e exposi\u00e7\u00e3o a produtos qu\u00edmicos. Ao contr\u00e1rio do HDPE, que se degrada e se torna quebradi\u00e7o sob exposi\u00e7\u00e3o prolongada ao sol, a fibra de carbono mant\u00e9m sua integridade estrutural. O pl\u00e1stico ABS oferece melhor resist\u00eancia aos raios UV do que o HDPE, o que o torna uma op\u00e7\u00e3o vi\u00e1vel para uso externo, mas \u00e9 menos dur\u00e1vel do que a fibra de carbono. Os capacetes de a\u00e7o s\u00e3o robustos, mas propensos \u00e0 corros\u00e3o em ambientes \u00famidos ou com muitos produtos qu\u00edmicos. A fibra de vidro oferece durabilidade s\u00f3lida, mas \u00e9 mais pesada e menos resistente a condi\u00e7\u00f5es extremas. Na Alizn, nossos capacetes de fibra de carbono s\u00e3o projetados para durar muito tempo, reduzindo a frequ\u00eancia de substitui\u00e7\u00e3o e oferecendo valor a longo prazo.<\/p>\n\n\n\n<h3 class=\"wp-block-heading\" id=\"h-heat-resistance-and-thermal-performance\">Resist\u00eancia ao calor e desempenho t\u00e9rmico<\/h3>\n\n\n\n<p>Nos setores em que os trabalhadores s\u00e3o expostos a altas temperaturas, como fundi\u00e7\u00f5es ou refinarias de petr\u00f3leo, a resist\u00eancia ao calor de um capacete \u00e9 fundamental. Os capacetes de fibra de carbono oferecem excelente estabilidade t\u00e9rmica, mantendo a integridade estrutural sob temperaturas elevadas.<\/p>\n\n\n\n<figure class=\"wp-block-table\"><table class=\"has-fixed-layout\"><thead><tr><th>Material<\/th><th>Resist\u00eancia ao calor<\/th><th>Temperatura m\u00e1xima de opera\u00e7\u00e3o (\u00b0F)<\/th><\/tr><\/thead><tbody><tr><td>Fibra de carbono<\/td><td>Excelente; mant\u00e9m a integridade at\u00e9 400\u00b0F<\/td><td>400<\/td><\/tr><tr><td>PEAD (pl\u00e1stico)<\/td><td>Ruim; amolece ou se deforma acima de 180\u00b0F<\/td><td>180<\/td><\/tr><tr><td>ABS (pl\u00e1stico)<\/td><td>Moderado; est\u00e1vel at\u00e9 220\u00b0F<\/td><td>220<\/td><\/tr><tr><td>Fibra de vidro<\/td><td>Muito bom; resiste a at\u00e9 500\u00b0F<\/td><td>500<\/td><\/tr><tr><td>A\u00e7o<\/td><td>Excelente; est\u00e1vel em altas temperaturas<\/td><td>600+<\/td><\/tr><\/tbody><\/table><\/figure>\n\n\n\n<p>Os capacetes de fibra de carbono funcionam de forma confi\u00e1vel em ambientes de alta temperatura, suportando temperaturas de at\u00e9 400\u00b0F sem comprometer a resist\u00eancia. O HDPE n\u00e3o \u00e9 adequado para ambientes de alta temperatura, pois amolece ou se deforma acima de 180\u00b0F. O pl\u00e1stico ABS oferece melhor resist\u00eancia ao calor do que o HDPE, suportando temperaturas de at\u00e9 220\u00b0F, mas \u00e9 menos eficaz do que a fibra de carbono em condi\u00e7\u00f5es extremas. A fibra de vidro \u00e9 excelente em resist\u00eancia ao calor, tolerando temperaturas de at\u00e9 500\u00b0F, enquanto o a\u00e7o pode suportar temperaturas ainda mais altas, mas n\u00e3o \u00e9 pr\u00e1tico devido ao seu peso. Na Alizn, nossos capacetes de fibra de carbono s\u00e3o projetados para equilibrar a resist\u00eancia ao calor com uma constru\u00e7\u00e3o leve, o que os torna ideais para setores com exposi\u00e7\u00e3o t\u00e9rmica moderada a alta.<\/p>\n\n\n\n<h3 class=\"wp-block-heading\" id=\"h-electrical-insulation-properties\">Propriedades de isolamento el\u00e9trico<\/h3>\n\n\n\n<p>Em ambientes com riscos el\u00e9tricos, como usinas de energia ou manuten\u00e7\u00e3o el\u00e9trica, a capacidade de um capacete de isolar contra correntes el\u00e9tricas \u00e9 fundamental. Os capacetes de fibra de carbono oferecem vantagens exclusivas nessa \u00e1rea, dependendo de sua composi\u00e7\u00e3o espec\u00edfica.<\/p>\n\n\n\n<figure class=\"wp-block-table\"><table class=\"has-fixed-layout\"><thead><tr><th>Material<\/th><th>Isolamento el\u00e9trico<\/th><th>Classifica\u00e7\u00e3o ANSI Z89.1<\/th><\/tr><\/thead><tbody><tr><td>Fibra de carbono<\/td><td>Limitado; condutivo, a menos que seja modificado<\/td><td>Tipo I, Classe C (n\u00e3o isolante)<\/td><\/tr><tr><td>PEAD (pl\u00e1stico)<\/td><td>Excelente; n\u00e3o condutivo<\/td><td>Tipo I, Classe E\/G<\/td><\/tr><tr><td>ABS (pl\u00e1stico)<\/td><td>Excelente; n\u00e3o condutivo<\/td><td>Tipo I, Classe E\/G<\/td><\/tr><tr><td>Fibra de vidro<\/td><td>Excelente; n\u00e3o condutivo<\/td><td>Tipo I, Classe E\/G<\/td><\/tr><tr><td>A\u00e7o<\/td><td>Ruim; altamente condutivo<\/td><td>Tipo I, Classe C<\/td><\/tr><\/tbody><\/table><\/figure>\n\n\n\n<p>Capacete de prote\u00e7\u00e3o <a href=\"https:\/\/www.alizn-carbon-fiber.com\/pt\/capacetes-de-fibra-de-carbono-personalizados\/\" target=\"_blank\" rel=\"noreferrer noopener\">projetos em fibra de carbono<\/a> s\u00e3o normalmente condutores devido ao teor de carbono do material, o que os torna Classe C de acordo com a norma ANSI Z89.1, a menos que sejam especialmente tratados com revestimentos ou aditivos isolantes. Os capacetes de HDPE, ABS e fibra de vidro s\u00e3o inerentemente n\u00e3o condutores, qualificando-se para classifica\u00e7\u00f5es de Classe E ou G, adequadas para trabalhos el\u00e9tricos. Os capacetes de a\u00e7o s\u00e3o altamente condutores e inadequados para ambientes com componentes el\u00e9tricos energizados. Na Alizn, oferecemos capacetes especializados em fibra de carbono com modifica\u00e7\u00f5es isolantes para aplica\u00e7\u00f5es el\u00e9tricas, garantindo versatilidade em todos os setores. Para ambientes n\u00e3o el\u00e9tricos, os capacetes de fibra de carbono padr\u00e3o oferecem resist\u00eancia e conforto inigual\u00e1veis.<\/p>\n\n\n\n<h3 class=\"wp-block-heading\" id=\"h-cost-and-economic-considerations\">Considera\u00e7\u00f5es econ\u00f4micas e de custo<\/h3>\n\n\n\n<p>O custo \u00e9 um fator fundamental na sele\u00e7\u00e3o de equipamentos de seguran\u00e7a. Embora os capacetes de fibra de carbono tenham um custo inicial mais alto, seus benef\u00edcios de longo prazo geralmente justificam o investimento.<\/p>\n\n\n\n<figure class=\"wp-block-table\"><table class=\"has-fixed-layout\"><thead><tr><th>Material<\/th><th>Custo m\u00e9dio (USD)<\/th><th>An\u00e1lise de custo-benef\u00edcio<\/th><\/tr><\/thead><tbody><tr><td>Fibra de carbono<\/td><td>$100-$200<\/td><td>Custo mais alto, compensado pela durabilidade e pelo conforto<\/td><\/tr><tr><td>PEAD (pl\u00e1stico)<\/td><td>$20-$50<\/td><td>Baixo custo, s\u00e3o necess\u00e1rias substitui\u00e7\u00f5es frequentes<\/td><\/tr><tr><td>ABS (pl\u00e1stico)<\/td><td>$30-$70<\/td><td>Acess\u00edvel, com boa durabilidade para uso moderado<\/td><\/tr><tr><td>Fibra de vidro<\/td><td>$50-$100<\/td><td>Custo moderado, durabilidade equilibrada<\/td><\/tr><tr><td>A\u00e7o<\/td><td>$80-$150<\/td><td>Alto custo, impratic\u00e1vel devido ao peso<\/td><\/tr><\/tbody><\/table><\/figure>\n\n\n\n<p>O custo inicial dos capacetes de fibra de carbono \u00e9 mais alto, mas sua vida \u00fatil prolongada e o conforto superior reduzem a frequ\u00eancia de substitui\u00e7\u00e3o e aumentam a efici\u00eancia do trabalhador. O HDPE \u00e9 o mais econ\u00f4mico, mas exige substitui\u00e7\u00f5es frequentes devido \u00e0 degrada\u00e7\u00e3o por raios UV. O ABS oferece um meio-termo econ\u00f4mico, com melhor durabilidade do que o HDPE, mas menos longevidade do que a fibra de carbono. A fibra de vidro equilibra custo e durabilidade, enquanto o a\u00e7o \u00e9 menos pr\u00e1tico devido ao seu peso e \u00e0 necessidade de manuten\u00e7\u00e3o. Na Alizn, vemos os capacetes de fibra de carbono como um investimento estrat\u00e9gico, que proporciona economia de longo prazo por meio da durabilidade e do desempenho.<\/p>\n\n\n\n<h3 class=\"wp-block-heading\" id=\"h-aesthetic-appeal-and-customization-options\">Apelo est\u00e9tico e op\u00e7\u00f5es de personaliza\u00e7\u00e3o<\/h3>\n\n\n\n<p>A apar\u00eancia de um capacete pode influenciar o moral do trabalhador e refletir a imagem profissional de uma empresa. Os capacetes de fibra de carbono oferecem uma est\u00e9tica moderna e premium que os diferencia.<\/p>\n\n\n\n<figure class=\"wp-block-table\"><table class=\"has-fixed-layout\"><thead><tr><th>Material<\/th><th>Apelo est\u00e9tico<\/th><th>Op\u00e7\u00f5es de personaliza\u00e7\u00e3o<\/th><\/tr><\/thead><tbody><tr><td>Fibra de carbono<\/td><td>Textura de tecido premium e elegante<\/td><td>Extensivo; <a href=\"https:\/\/www.alizn-carbon-fiber.com\/pt\/cor-e-aparencia-das-pecas-personalizadas-de-fibra-de-carbono\/\" target=\"_blank\" rel=\"noreferrer noopener\">cores e logotipos personalizados<\/a><\/td><\/tr><tr><td>PEAD (pl\u00e1stico)<\/td><td>Apar\u00eancia b\u00e1sica e funcional<\/td><td>Limitado; op\u00e7\u00f5es b\u00e1sicas de cores<\/td><\/tr><tr><td>ABS (pl\u00e1stico)<\/td><td>Funcional, ligeiramente moderno<\/td><td>Moderado; alguma personaliza\u00e7\u00e3o de cores<\/td><\/tr><tr><td>Fibra de vidro<\/td><td>Profissional, mas menos distinto<\/td><td>Moderado; alguma personaliza\u00e7\u00e3o de cores<\/td><\/tr><tr><td>A\u00e7o<\/td><td>Apar\u00eancia industrial e ultrapassada<\/td><td>M\u00ednimo; personaliza\u00e7\u00e3o limitada<\/td><\/tr><\/tbody><\/table><\/figure>\n\n\n\n<p>Capacetes de prote\u00e7\u00e3o <a href=\"https:\/\/www.alizn-carbon-fiber.com\/pt\/capacetes-de-fibra-de-carbono-personalizados\/\" target=\"_blank\" rel=\"noreferrer noopener\">fibra de carbono<\/a> apresentam uma caracter\u00edstica <a href=\"https:\/\/www.alizn-carbon-fiber.com\/pt\/tecido-de-fibra-de-carbono-liso-versus-sarja-na-personalizacao\/\" target=\"_blank\" rel=\"noreferrer noopener\">padr\u00e3o tran\u00e7ado<\/a> e brilhante <a href=\"https:\/\/www.alizn-carbon-fiber.com\/pt\/diferentes-estilos-de-acabamento-em-fibra-de-carbono\/\" target=\"_blank\" rel=\"noreferrer noopener\">acabamento<\/a>tornando-os visualmente atraentes para os profissionais. Eles podem ser personalizados com logotipos da empresa, cores espec\u00edficas ou acabamentos exclusivos para se alinharem aos objetivos da marca. O ABS oferece mais personaliza\u00e7\u00e3o do que o HDPE, com um visual ligeiramente moderno, mas ambos ficam atr\u00e1s da fibra de carbono em termos de versatilidade est\u00e9tica. A fibra de vidro oferece personaliza\u00e7\u00e3o moderada, enquanto o a\u00e7o se limita a designs b\u00e1sicos. Na Alizn, oferecemos personaliza\u00e7\u00e3o sob medida para capacetes de fibra de carbono, garantindo que eles atendam aos requisitos funcionais e de marca.<\/p>\n\n\n\n<h3 class=\"wp-block-heading\" id=\"h-industry-applications-and-versatility\">Aplica\u00e7\u00f5es do setor e versatilidade<\/h3>\n\n\n\n<p>A escolha do material do capacete depende das demandas espec\u00edficas de seu setor. Os capacetes de fibra de carbono s\u00e3o altamente vers\u00e1teis, destacando-se em setores como constru\u00e7\u00e3o, petr\u00f3leo e g\u00e1s, minera\u00e7\u00e3o, manufatura e manuten\u00e7\u00e3o el\u00e9trica (com modifica\u00e7\u00f5es de isolamento). Seu design leve favorece a mobilidade, enquanto sua durabilidade garante prote\u00e7\u00e3o em condi\u00e7\u00f5es perigosas.<\/p>\n\n\n\n<p>Na constru\u00e7\u00e3o civil, onde a queda de detritos \u00e9 um risco constante, os capacetes de fibra de carbono oferecem resist\u00eancia superior a impactos sem aumentar o peso. Em f\u00e1bricas de produtos qu\u00edmicos, sua resist\u00eancia \u00e0 corros\u00e3o os torna prefer\u00edveis ao a\u00e7o. Para ambientes de alta temperatura, como fundi\u00e7\u00f5es, sua estabilidade t\u00e9rmica \u00e9 uma vantagem importante, embora a fibra de vidro ou o a\u00e7o possam ser considerados para temperaturas extremas. Para trabalhos el\u00e9tricos, os capacetes de fibra de carbono modificada ou as op\u00e7\u00f5es de ABS\/fibra de vidro s\u00e3o ideais devido \u00e0s suas propriedades isolantes. Na Alizn, projetamos capacetes de fibra de carbono para atender \u00e0s diversas necessidades do setor, garantindo o desempenho ideal em todas as aplica\u00e7\u00f5es.<\/p>\n\n\n\n<h3 class=\"wp-block-heading\" id=\"h-sustainability-and-environmental-considerations\">Considera\u00e7\u00f5es sobre sustentabilidade e meio ambiente<\/h3>\n\n\n\n<p>A sustentabilidade \u00e9 uma prioridade crescente para as empresas. Embora a produ\u00e7\u00e3o de fibra de carbono consuma muita energia, a vida \u00fatil prolongada dos capacetes de fibra de carbono reduz o desperd\u00edcio em compara\u00e7\u00e3o com o HDPE ou o ABS, que se degradam mais rapidamente. A fibra de carbono tamb\u00e9m \u00e9 recicl\u00e1vel e, na Alizn, estamos comprometidos com pr\u00e1ticas de fabrica\u00e7\u00e3o sustent\u00e1veis para minimizar o impacto ambiental.<\/p>\n\n\n\n<p>O HDPE e o ABS s\u00e3o recicl\u00e1veis, mas geralmente exigem substitui\u00e7\u00f5es frequentes, contribuindo para o desperd\u00edcio em aterros sanit\u00e1rios. A fibra de vidro \u00e9 menos recicl\u00e1vel, enquanto o a\u00e7o, embora recicl\u00e1vel, aumenta as emiss\u00f5es de transporte devido ao seu peso. Ao escolher capacetes de fibra de carbono, as empresas podem equilibrar a seguran\u00e7a com a responsabilidade ambiental, beneficiando-se de um produto dur\u00e1vel e recicl\u00e1vel.<\/p>\n\n\n\n<h3 class=\"wp-block-heading\" id=\"h-selecting-the-right-carbon-fiber-hard-hat-for-your-needs\">Selecionando o capacete de fibra de carbono certo para suas necessidades<\/h3>\n\n\n\n<p>Ao escolher entre capacetes de fibra de carbono e materiais tradicionais, considere estes fatores principais:<\/p>\n\n\n\n<ul class=\"wp-block-list\">\n<li><strong>Riscos no local de trabalho<\/strong>: Para ambientes de alto impacto ou extremos, os capacetes de fibra de carbono oferecem resist\u00eancia e durabilidade superiores.<\/li>\n\n\n\n<li><strong>Requisitos t\u00e9rmicos<\/strong>: Para exposi\u00e7\u00e3o moderada ao calor, a fibra de carbono \u00e9 ideal; para calor extremo, a fibra de vidro ou o a\u00e7o podem ser considerados.<\/li>\n\n\n\n<li><strong>Seguran\u00e7a el\u00e9trica<\/strong>: Para trabalhos el\u00e9tricos, escolha materiais isolantes como ABS, fibra de vidro ou capacetes de fibra de carbono modificada.<\/li>\n\n\n\n<li><strong>Necessidades de conforto<\/strong>: Para longos per\u00edodos de uso, o design leve dos capacetes de fibra de carbono aumenta a produtividade.<\/li>\n\n\n\n<li><strong>Planejamento or\u00e7ament\u00e1rio<\/strong>: Os capacetes de fibra de carbono oferecem economia a longo prazo, apesar dos custos iniciais mais altos.<\/li>\n\n\n\n<li><strong>Metas de marca<\/strong>: O design elegante e personaliz\u00e1vel do <a href=\"https:\/\/www.alizn-carbon-fiber.com\/pt\/capacetes-de-fibra-de-carbono-personalizados\/\" target=\"_blank\" rel=\"noreferrer noopener\">produtos de fibra de carbono para capacetes<\/a> eleva a imagem profissional.<\/li>\n<\/ul>\n\n\n\n<p>Na Alizn, recomendamos capacetes de fibra de carbono para organiza\u00e7\u00f5es que priorizam a seguran\u00e7a, o conforto e a longevidade. Nossa experi\u00eancia garante que cada capacete ofere\u00e7a um desempenho excepcional, adaptado \u00e0s suas necessidades.<\/p>\n\n\n\n<h3 class=\"wp-block-heading\" id=\"h-faqs-about-carbon-fiber-hard-hat\">Perguntas frequentes sobre o capacete de fibra de carbono<\/h3>\n\n\n\n<ol class=\"wp-block-list\">\n<li><strong>\u00c9 poss\u00edvel personalizar os capacetes de fibra de carbono com o logotipo de nossa empresa ou cores espec\u00edficas?<\/strong><br>Sim, na Alizn, oferecemos amplas op\u00e7\u00f5es de personaliza\u00e7\u00e3o, incluindo logotipos de empresas, esquemas de cores exclusivos e acabamentos para alinhar-se \u00e0 identidade de sua marca e aumentar o moral dos funcion\u00e1rios.<\/li>\n\n\n\n<li><strong>Quais setores se beneficiam mais dos capacetes de fibra de carbono?<\/strong><br>Nossos capacetes de fibra de carbono s\u00e3o ideais para constru\u00e7\u00e3o, petr\u00f3leo e g\u00e1s, minera\u00e7\u00e3o, manufatura e manuten\u00e7\u00e3o el\u00e9trica (com modifica\u00e7\u00f5es de isolamento), oferecendo resist\u00eancia e versatilidade inigual\u00e1veis.<\/li>\n\n\n\n<li><strong>Como a empresa garante a qualidade de seus capacetes de fibra de carbono?<\/strong><br>Usamos fibras de carbono tecidas de primeira qualidade e resinas de alto desempenho, testando rigorosamente cada capacete para atender aos padr\u00f5es de seguran\u00e7a ANSI Z89.1 e EN 397.<\/li>\n\n\n\n<li><strong>Os capacetes de fibra de carbono podem ser modificados para isolamento el\u00e9trico?<\/strong><br>Sim, oferecemos revestimentos isolantes especializados para nossos capacetes de fibra de carbono, tornando-os adequados para trabalhos el\u00e9tricos e mantendo a durabilidade leve.<\/li>\n\n\n\n<li><strong>Qual \u00e9 o prazo de entrega para pedidos de capacetes de fibra de carbono personalizados na Alizn?<\/strong><br>Os pedidos personalizados normalmente levam de 4 a 6 semanas, dependendo da complexidade e da quantidade do design, garantindo precis\u00e3o e qualidade em cada capacete que produzimos.<\/li>\n\n\n\n<li><strong>Os capacetes de fibra de carbono s\u00e3o compat\u00edveis com acess\u00f3rios de seguran\u00e7a adicionais?<\/strong><br>Nossos capacetes apresentam designs modulares, permitindo a f\u00e1cil integra\u00e7\u00e3o com viseiras, protetores auriculares e sistemas de comunica\u00e7\u00e3o para aumentar a seguran\u00e7a no local de trabalho.<\/li>\n\n\n\n<li><strong>Qual \u00e9 a manuten\u00e7\u00e3o necess\u00e1ria para os capacetes de fibra de carbono?<\/strong><br>\u00c9 necess\u00e1rio um m\u00ednimo de manuten\u00e7\u00e3o; a limpeza regular com sab\u00e3o neutro e inspe\u00e7\u00f5es quanto a danos na superf\u00edcie garantem o desempenho e a seguran\u00e7a a longo prazo.<\/li>\n\n\n\n<li><strong>Voc\u00eas podem oferecer descontos para grandes pedidos de capacetes de fibra de carbono?<\/strong><br>Sim, oferecemos pre\u00e7os competitivos para pedidos em massa, adaptados \u00e0s necessidades de sua organiza\u00e7\u00e3o, garantindo solu\u00e7\u00f5es de seguran\u00e7a econ\u00f4micas sem comprometer a qualidade.<\/li>\n\n\n\n<li><strong>Como a Alizn auxilia os clientes na escolha do capacete de fibra de carbono correto?<\/strong><br>Nossa equipe de especialistas oferece consultas personalizadas para avaliar as necessidades do seu setor, garantindo que voc\u00ea escolha o capacete ideal para seguran\u00e7a e desempenho.<\/li>\n<\/ol>\n\n\n\n<h3 class=\"wp-block-heading\">Considera\u00e7\u00f5es finais<\/h3>\n\n\n\n<p>Como especialistas em materiais compostos, estamos dispostos a&nbsp;<a href=\"https:\/\/wa.me\/8618930689530\">fornecer a voc\u00ea<\/a>&nbsp;com assist\u00eancia essencial. O julgamento correto agora evita custos excessivos, atrasos e resultados decepcionantes mais tarde.<\/p>\n\n\n\n<p>Precisa de orienta\u00e7\u00e3o sobre sua pe\u00e7a de fibra de carbono personalizada?&nbsp;<a href=\"https:\/\/www.alizn-carbon-fiber.com\/pt\/entre-em-contato-com-a-fabrica-do-alizn\/\">Entre em contato com a nossa equipe para obter orienta\u00e7\u00e3o especializada<\/a>.<\/p>","protected":false},"excerpt":{"rendered":"<p>Na Alizn, um renomado fabricante de pe\u00e7as de fibra de carbono, entendemos que a sele\u00e7\u00e3o do material certo para o capacete \u00e9 fundamental para garantir a seguran\u00e7a, o conforto e a produtividade do trabalhador em ambientes de alto risco. A escolha do material afeta n\u00e3o apenas a prote\u00e7\u00e3o, mas tamb\u00e9m o desempenho a longo prazo e a rela\u00e7\u00e3o custo-benef\u00edcio. Nesta an\u00e1lise detalhada, comparamos os capacetes de fibra de carbono com os materiais tradicionais - polietileno de alta densidade (HDPE), acrilonitrila butadieno estireno (ABS), fibra de vidro e a\u00e7o - com foco nos principais atributos, como resist\u00eancia ao impacto, peso, durabilidade, resist\u00eancia ao calor, isolamento el\u00e9trico e custo. Nosso objetivo \u00e9 fornecer insights especializados para orientar o seu processo de tomada de decis\u00e3o, ajudando-o a selecionar o capacete ideal para as necessidades espec\u00edficas do seu setor.<\/p>","protected":false},"author":1,"featured_media":4655,"comment_status":"closed","ping_status":"open","sticky":false,"template":"","format":"standard","meta":{"site-sidebar-layout":"default","site-content-layout":"","ast-site-content-layout":"default","site-content-style":"default","site-sidebar-style":"default","ast-global-header-display":"","ast-banner-title-visibility":"","ast-main-header-display":"","ast-hfb-above-header-display":"","ast-hfb-below-header-display":"","ast-hfb-mobile-header-display":"","site-post-title":"","ast-breadcrumbs-content":"","ast-featured-img":"","footer-sml-layout":"","ast-disable-related-posts":"","theme-transparent-header-meta":"","adv-header-id-meta":"","stick-header-meta":"","header-above-stick-meta":"","header-main-stick-meta":"","header-below-stick-meta":"","astra-migrate-meta-layouts":"set","ast-page-background-enabled":"default","ast-page-background-meta":{"desktop":{"background-color":"","background-image":"","background-repeat":"repeat","background-position":"center center","background-size":"auto","background-attachment":"scroll","background-type":"","background-media":"","overlay-type":"","overlay-color":"","overlay-opacity":"","overlay-gradient":""},"tablet":{"background-color":"","background-image":"","background-repeat":"repeat","background-position":"center center","background-size":"auto","background-attachment":"scroll","background-type":"","background-media":"","overlay-type":"","overlay-color":"","overlay-opacity":"","overlay-gradient":""},"mobile":{"background-color":"","background-image":"","background-repeat":"repeat","background-position":"center center","background-size":"auto","background-attachment":"scroll","background-type":"","background-media":"","overlay-type":"","overlay-color":"","overlay-opacity":"","overlay-gradient":""}},"ast-content-background-meta":{"desktop":{"background-color":"var(--ast-global-color-5)","background-image":"","background-repeat":"repeat","background-position":"center center","background-size":"auto","background-attachment":"scroll","background-type":"","background-media":"","overlay-type":"","overlay-color":"","overlay-opacity":"","overlay-gradient":""},"tablet":{"background-color":"var(--ast-global-color-5)","background-image":"","background-repeat":"repeat","background-position":"center center","background-size":"auto","background-attachment":"scroll","background-type":"","background-media":"","overlay-type":"","overlay-color":"","overlay-opacity":"","overlay-gradient":""},"mobile":{"background-color":"var(--ast-global-color-5)","background-image":"","background-repeat":"repeat","background-position":"center center","background-size":"auto","background-attachment":"scroll","background-type":"","background-media":"","overlay-type":"","overlay-color":"","overlay-opacity":"","overlay-gradient":""}},"footnotes":""},"categories":[12,21],"tags":[16],"class_list":["post-4653","post","type-post","status-publish","format-standard","has-post-thumbnail","hentry","category-custom-carbon-fiber-knowledge","category-custom-carbon-fiber-wiki","tag-carbon-fiber-hard-hats-customization-guide"],"yoast_head":"<!-- This site is optimized with the Yoast SEO Premium plugin v26.3 (Yoast SEO v27.1.1) - https:\/\/yoast.com\/product\/yoast-seo-premium-wordpress\/ -->\n<title>Carbon Fiber Hard Hat VS. Traditional Materials<\/title>\n<meta name=\"description\" content=\"Upgrade safety with carbon fiber hard hat\u2014lightweight, durable, and heat-resistant PPE designed for demanding industries like oil and gas.\" \/>\n<meta name=\"robots\" content=\"index, follow, max-snippet:-1, max-image-preview:large, max-video-preview:-1\" \/>\n<link rel=\"canonical\" href=\"https:\/\/www.alizn-carbon-fiber.com\/pt\/capacete-de-fibra-de-carbono-versus-materiais-tradicionais\/\" \/>\n<meta property=\"og:locale\" content=\"pt_BR\" \/>\n<meta property=\"og:type\" content=\"article\" \/>\n<meta property=\"og:title\" content=\"Carbon Fiber Hard Hat VS. Traditional Materials\" \/>\n<meta property=\"og:description\" content=\"Upgrade safety with carbon fiber hard hat\u2014lightweight, durable, and heat-resistant PPE designed for demanding industries like oil and gas.\" \/>\n<meta property=\"og:url\" content=\"https:\/\/www.alizn-carbon-fiber.com\/pt\/capacete-de-fibra-de-carbono-versus-materiais-tradicionais\/\" \/>\n<meta property=\"og:site_name\" content=\"Alizn\" \/>\n<meta property=\"article:publisher\" content=\"https:\/\/www.facebook.com\/alizncarbon\" \/>\n<meta property=\"article:published_time\" content=\"2025-05-28T17:26:40+00:00\" \/>\n<meta property=\"article:modified_time\" content=\"2025-06-02T15:12:56+00:00\" \/>\n<meta property=\"og:image\" content=\"https:\/\/www.alizn-carbon-fiber.com\/wp-content\/uploads\/2025\/05\/Carbon-Fiber-Hard-Hats-VS.-Traditional-Materials.webp\" \/>\n\t<meta property=\"og:image:width\" content=\"1920\" \/>\n\t<meta property=\"og:image:height\" content=\"1080\" \/>\n\t<meta property=\"og:image:type\" content=\"image\/webp\" \/>\n<meta name=\"author\" content=\"Alizn\" \/>\n<meta name=\"twitter:card\" content=\"summary_large_image\" \/>\n<meta name=\"twitter:creator\" content=\"@alizncarbon\" \/>\n<meta name=\"twitter:site\" content=\"@alizncarbon\" \/>\n<meta name=\"twitter:label1\" content=\"Escrito por\" \/>\n\t<meta name=\"twitter:data1\" content=\"Alizn\" \/>\n\t<meta name=\"twitter:label2\" content=\"Est. tempo de leitura\" \/>\n\t<meta name=\"twitter:data2\" content=\"12 minutos\" \/>\n<script type=\"application\/ld+json\" class=\"yoast-schema-graph\">{\"@context\":\"https:\/\/schema.org\",\"@graph\":[{\"@type\":\"Article\",\"@id\":\"https:\/\/www.alizn-carbon-fiber.com\/carbon-fiber-hard-hat-vs-traditional-materials\/#article\",\"isPartOf\":{\"@id\":\"https:\/\/www.alizn-carbon-fiber.com\/carbon-fiber-hard-hat-vs-traditional-materials\/\"},\"author\":{\"name\":\"Alizn\",\"@id\":\"https:\/\/www.alizn-carbon-fiber.com\/#\/schema\/person\/aa683e4d307323019d85f49ca1bb99b0\"},\"headline\":\"Carbon Fiber Hard Hat VS. Traditional Materials\",\"datePublished\":\"2025-05-28T17:26:40+00:00\",\"dateModified\":\"2025-06-02T15:12:56+00:00\",\"mainEntityOfPage\":{\"@id\":\"https:\/\/www.alizn-carbon-fiber.com\/carbon-fiber-hard-hat-vs-traditional-materials\/\"},\"wordCount\":2147,\"publisher\":{\"@id\":\"https:\/\/www.alizn-carbon-fiber.com\/#organization\"},\"image\":{\"@id\":\"https:\/\/www.alizn-carbon-fiber.com\/carbon-fiber-hard-hat-vs-traditional-materials\/#primaryimage\"},\"thumbnailUrl\":\"https:\/\/www.alizn-carbon-fiber.com\/wp-content\/uploads\/2025\/05\/Carbon-Fiber-Hard-Hats-VS.-Traditional-Materials.webp\",\"keywords\":[\"Carbon Fiber Hard Hats Customization Guide\"],\"articleSection\":[\"Custom Carbon Fiber Knowledge\",\"Custom Carbon Fiber WiKi\"],\"inLanguage\":\"pt-BR\"},{\"@type\":\"WebPage\",\"@id\":\"https:\/\/www.alizn-carbon-fiber.com\/carbon-fiber-hard-hat-vs-traditional-materials\/\",\"url\":\"https:\/\/www.alizn-carbon-fiber.com\/carbon-fiber-hard-hat-vs-traditional-materials\/\",\"name\":\"Carbon Fiber Hard Hat VS. Traditional Materials\",\"isPartOf\":{\"@id\":\"https:\/\/www.alizn-carbon-fiber.com\/#website\"},\"primaryImageOfPage\":{\"@id\":\"https:\/\/www.alizn-carbon-fiber.com\/carbon-fiber-hard-hat-vs-traditional-materials\/#primaryimage\"},\"image\":{\"@id\":\"https:\/\/www.alizn-carbon-fiber.com\/carbon-fiber-hard-hat-vs-traditional-materials\/#primaryimage\"},\"thumbnailUrl\":\"https:\/\/www.alizn-carbon-fiber.com\/wp-content\/uploads\/2025\/05\/Carbon-Fiber-Hard-Hats-VS.-Traditional-Materials.webp\",\"datePublished\":\"2025-05-28T17:26:40+00:00\",\"dateModified\":\"2025-06-02T15:12:56+00:00\",\"description\":\"Upgrade safety with carbon fiber hard hat\u2014lightweight, durable, and heat-resistant PPE designed for demanding industries like oil and gas.\",\"breadcrumb\":{\"@id\":\"https:\/\/www.alizn-carbon-fiber.com\/carbon-fiber-hard-hat-vs-traditional-materials\/#breadcrumb\"},\"inLanguage\":\"pt-BR\",\"potentialAction\":[{\"@type\":\"ReadAction\",\"target\":[\"https:\/\/www.alizn-carbon-fiber.com\/carbon-fiber-hard-hat-vs-traditional-materials\/\"]}]},{\"@type\":\"ImageObject\",\"inLanguage\":\"pt-BR\",\"@id\":\"https:\/\/www.alizn-carbon-fiber.com\/carbon-fiber-hard-hat-vs-traditional-materials\/#primaryimage\",\"url\":\"https:\/\/www.alizn-carbon-fiber.com\/wp-content\/uploads\/2025\/05\/Carbon-Fiber-Hard-Hats-VS.-Traditional-Materials.webp\",\"contentUrl\":\"https:\/\/www.alizn-carbon-fiber.com\/wp-content\/uploads\/2025\/05\/Carbon-Fiber-Hard-Hats-VS.-Traditional-Materials.webp\",\"width\":1920,\"height\":1080,\"caption\":\"Carbon Fiber Hard Hats VS. Traditional Materials\"},{\"@type\":\"BreadcrumbList\",\"@id\":\"https:\/\/www.alizn-carbon-fiber.com\/carbon-fiber-hard-hat-vs-traditional-materials\/#breadcrumb\",\"itemListElement\":[{\"@type\":\"ListItem\",\"position\":1,\"name\":\"Home\",\"item\":\"https:\/\/www.alizn-carbon-fiber.com\/\"},{\"@type\":\"ListItem\",\"position\":2,\"name\":\"Carbon Fiber Hard Hat VS. Traditional Materials\"}]},{\"@type\":\"WebSite\",\"@id\":\"https:\/\/www.alizn-carbon-fiber.com\/#website\",\"url\":\"https:\/\/www.alizn-carbon-fiber.com\/\",\"name\":\"Alizn Custom Carbon Fiber Factory\",\"description\":\"Alizn specialize in tailoring custom carbon fiber parts to the unique and rigorous demands of diverse customers and applications, from consumer goods to medical devices to robotics to car.\",\"publisher\":{\"@id\":\"https:\/\/www.alizn-carbon-fiber.com\/#organization\"},\"potentialAction\":[{\"@type\":\"SearchAction\",\"target\":{\"@type\":\"EntryPoint\",\"urlTemplate\":\"https:\/\/www.alizn-carbon-fiber.com\/?s={search_term_string}\"},\"query-input\":{\"@type\":\"PropertyValueSpecification\",\"valueRequired\":true,\"valueName\":\"search_term_string\"}}],\"inLanguage\":\"pt-BR\"},{\"@type\":\"Organization\",\"@id\":\"https:\/\/www.alizn-carbon-fiber.com\/#organization\",\"name\":\"Alizn\",\"url\":\"https:\/\/www.alizn-carbon-fiber.com\/\",\"logo\":{\"@type\":\"ImageObject\",\"inLanguage\":\"pt-BR\",\"@id\":\"https:\/\/www.alizn-carbon-fiber.com\/#\/schema\/logo\/image\/\",\"url\":\"https:\/\/www.alizn-carbon-fiber.com\/wp-content\/uploads\/2025\/03\/ali-512.png\",\"contentUrl\":\"https:\/\/www.alizn-carbon-fiber.com\/wp-content\/uploads\/2025\/03\/ali-512.png\",\"width\":512,\"height\":512,\"caption\":\"Alizn\"},\"image\":{\"@id\":\"https:\/\/www.alizn-carbon-fiber.com\/#\/schema\/logo\/image\/\"},\"sameAs\":[\"https:\/\/www.facebook.com\/alizncarbon\",\"https:\/\/x.com\/alizncarbon\",\"https:\/\/www.youtube.com\/@alizncarbon\",\"https:\/\/www.instagram.com\/alizncarbon\",\"https:\/\/www.pinterest.com\/alizncarbon\"]},{\"@type\":\"Person\",\"@id\":\"https:\/\/www.alizn-carbon-fiber.com\/#\/schema\/person\/aa683e4d307323019d85f49ca1bb99b0\",\"name\":\"Alizn\",\"image\":{\"@type\":\"ImageObject\",\"inLanguage\":\"pt-BR\",\"@id\":\"https:\/\/www.alizn-carbon-fiber.com\/#\/schema\/person\/image\/\",\"url\":\"https:\/\/secure.gravatar.com\/avatar\/927278fe2b0125723dcf92b679a8fa8059f67125bc41628856832e754e42b724?s=96&d=mm&r=g\",\"contentUrl\":\"https:\/\/secure.gravatar.com\/avatar\/927278fe2b0125723dcf92b679a8fa8059f67125bc41628856832e754e42b724?s=96&d=mm&r=g\",\"caption\":\"Alizn\"},\"sameAs\":[\"https:\/\/www.alizn-carbon-fiber.com\"],\"url\":\"https:\/\/www.alizn-carbon-fiber.com\/pt\/author\/alizn\/\"}]}<\/script>\n<!-- \/ Yoast SEO Premium plugin. -->","yoast_head_json":{"title":"Capacete de fibra de carbono VS. Materiais tradicionais","description":"Melhore a seguran\u00e7a com o capacete de fibra de carbono - EPI leve, dur\u00e1vel e resistente ao calor, projetado para setores exigentes como o de petr\u00f3leo e g\u00e1s.","robots":{"index":"index","follow":"follow","max-snippet":"max-snippet:-1","max-image-preview":"max-image-preview:large","max-video-preview":"max-video-preview:-1"},"canonical":"https:\/\/www.alizn-carbon-fiber.com\/pt\/capacete-de-fibra-de-carbono-versus-materiais-tradicionais\/","og_locale":"pt_BR","og_type":"article","og_title":"Carbon Fiber Hard Hat VS. Traditional Materials","og_description":"Upgrade safety with carbon fiber hard hat\u2014lightweight, durable, and heat-resistant PPE designed for demanding industries like oil and gas.","og_url":"https:\/\/www.alizn-carbon-fiber.com\/pt\/capacete-de-fibra-de-carbono-versus-materiais-tradicionais\/","og_site_name":"Alizn","article_publisher":"https:\/\/www.facebook.com\/alizncarbon","article_published_time":"2025-05-28T17:26:40+00:00","article_modified_time":"2025-06-02T15:12:56+00:00","og_image":[{"width":1920,"height":1080,"url":"https:\/\/www.alizn-carbon-fiber.com\/wp-content\/uploads\/2025\/05\/Carbon-Fiber-Hard-Hats-VS.-Traditional-Materials.webp","type":"image\/webp"}],"author":"Alizn","twitter_card":"summary_large_image","twitter_creator":"@alizncarbon","twitter_site":"@alizncarbon","twitter_misc":{"Escrito por":"Alizn","Est. tempo de leitura":"12 minutos"},"schema":{"@context":"https:\/\/schema.org","@graph":[{"@type":"Article","@id":"https:\/\/www.alizn-carbon-fiber.com\/carbon-fiber-hard-hat-vs-traditional-materials\/#article","isPartOf":{"@id":"https:\/\/www.alizn-carbon-fiber.com\/carbon-fiber-hard-hat-vs-traditional-materials\/"},"author":{"name":"Alizn","@id":"https:\/\/www.alizn-carbon-fiber.com\/#\/schema\/person\/aa683e4d307323019d85f49ca1bb99b0"},"headline":"Carbon Fiber Hard Hat VS. Traditional Materials","datePublished":"2025-05-28T17:26:40+00:00","dateModified":"2025-06-02T15:12:56+00:00","mainEntityOfPage":{"@id":"https:\/\/www.alizn-carbon-fiber.com\/carbon-fiber-hard-hat-vs-traditional-materials\/"},"wordCount":2147,"publisher":{"@id":"https:\/\/www.alizn-carbon-fiber.com\/#organization"},"image":{"@id":"https:\/\/www.alizn-carbon-fiber.com\/carbon-fiber-hard-hat-vs-traditional-materials\/#primaryimage"},"thumbnailUrl":"https:\/\/www.alizn-carbon-fiber.com\/wp-content\/uploads\/2025\/05\/Carbon-Fiber-Hard-Hats-VS.-Traditional-Materials.webp","keywords":["Carbon Fiber Hard Hats Customization Guide"],"articleSection":["Custom Carbon Fiber Knowledge","Custom Carbon Fiber WiKi"],"inLanguage":"pt-BR"},{"@type":"WebPage","@id":"https:\/\/www.alizn-carbon-fiber.com\/carbon-fiber-hard-hat-vs-traditional-materials\/","url":"https:\/\/www.alizn-carbon-fiber.com\/carbon-fiber-hard-hat-vs-traditional-materials\/","name":"Capacete de fibra de carbono VS. Materiais tradicionais","isPartOf":{"@id":"https:\/\/www.alizn-carbon-fiber.com\/#website"},"primaryImageOfPage":{"@id":"https:\/\/www.alizn-carbon-fiber.com\/carbon-fiber-hard-hat-vs-traditional-materials\/#primaryimage"},"image":{"@id":"https:\/\/www.alizn-carbon-fiber.com\/carbon-fiber-hard-hat-vs-traditional-materials\/#primaryimage"},"thumbnailUrl":"https:\/\/www.alizn-carbon-fiber.com\/wp-content\/uploads\/2025\/05\/Carbon-Fiber-Hard-Hats-VS.-Traditional-Materials.webp","datePublished":"2025-05-28T17:26:40+00:00","dateModified":"2025-06-02T15:12:56+00:00","description":"Melhore a seguran\u00e7a com o capacete de fibra de carbono - EPI leve, dur\u00e1vel e resistente ao calor, projetado para setores exigentes como o de petr\u00f3leo e g\u00e1s.","breadcrumb":{"@id":"https:\/\/www.alizn-carbon-fiber.com\/carbon-fiber-hard-hat-vs-traditional-materials\/#breadcrumb"},"inLanguage":"pt-BR","potentialAction":[{"@type":"ReadAction","target":["https:\/\/www.alizn-carbon-fiber.com\/carbon-fiber-hard-hat-vs-traditional-materials\/"]}]},{"@type":"ImageObject","inLanguage":"pt-BR","@id":"https:\/\/www.alizn-carbon-fiber.com\/carbon-fiber-hard-hat-vs-traditional-materials\/#primaryimage","url":"https:\/\/www.alizn-carbon-fiber.com\/wp-content\/uploads\/2025\/05\/Carbon-Fiber-Hard-Hats-VS.-Traditional-Materials.webp","contentUrl":"https:\/\/www.alizn-carbon-fiber.com\/wp-content\/uploads\/2025\/05\/Carbon-Fiber-Hard-Hats-VS.-Traditional-Materials.webp","width":1920,"height":1080,"caption":"Carbon Fiber Hard Hats VS. Traditional Materials"},{"@type":"BreadcrumbList","@id":"https:\/\/www.alizn-carbon-fiber.com\/carbon-fiber-hard-hat-vs-traditional-materials\/#breadcrumb","itemListElement":[{"@type":"ListItem","position":1,"name":"Home","item":"https:\/\/www.alizn-carbon-fiber.com\/"},{"@type":"ListItem","position":2,"name":"Carbon Fiber Hard Hat VS. Traditional Materials"}]},{"@type":"WebSite","@id":"https:\/\/www.alizn-carbon-fiber.com\/#website","url":"https:\/\/www.alizn-carbon-fiber.com\/","name":"F\u00e1brica de fibra de carbono personalizada Alizn","description":"A Alizn \u00e9 especializada em adaptar pe\u00e7as personalizadas de fibra de carbono \u00e0s demandas exclusivas e rigorosas de diversos clientes e aplica\u00e7\u00f5es, de bens de consumo a dispositivos m\u00e9dicos, rob\u00f3tica e autom\u00f3veis.","publisher":{"@id":"https:\/\/www.alizn-carbon-fiber.com\/#organization"},"potentialAction":[{"@type":"SearchAction","target":{"@type":"EntryPoint","urlTemplate":"https:\/\/www.alizn-carbon-fiber.com\/?s={search_term_string}"},"query-input":{"@type":"PropertyValueSpecification","valueRequired":true,"valueName":"search_term_string"}}],"inLanguage":"pt-BR"},{"@type":"Organization","@id":"https:\/\/www.alizn-carbon-fiber.com\/#organization","name":"Alizn","url":"https:\/\/www.alizn-carbon-fiber.com\/","logo":{"@type":"ImageObject","inLanguage":"pt-BR","@id":"https:\/\/www.alizn-carbon-fiber.com\/#\/schema\/logo\/image\/","url":"https:\/\/www.alizn-carbon-fiber.com\/wp-content\/uploads\/2025\/03\/ali-512.png","contentUrl":"https:\/\/www.alizn-carbon-fiber.com\/wp-content\/uploads\/2025\/03\/ali-512.png","width":512,"height":512,"caption":"Alizn"},"image":{"@id":"https:\/\/www.alizn-carbon-fiber.com\/#\/schema\/logo\/image\/"},"sameAs":["https:\/\/www.facebook.com\/alizncarbon","https:\/\/x.com\/alizncarbon","https:\/\/www.youtube.com\/@alizncarbon","https:\/\/www.instagram.com\/alizncarbon","https:\/\/www.pinterest.com\/alizncarbon"]},{"@type":"Person","@id":"https:\/\/www.alizn-carbon-fiber.com\/#\/schema\/person\/aa683e4d307323019d85f49ca1bb99b0","name":"Alizn","image":{"@type":"ImageObject","inLanguage":"pt-BR","@id":"https:\/\/www.alizn-carbon-fiber.com\/#\/schema\/person\/image\/","url":"https:\/\/secure.gravatar.com\/avatar\/927278fe2b0125723dcf92b679a8fa8059f67125bc41628856832e754e42b724?s=96&d=mm&r=g","contentUrl":"https:\/\/secure.gravatar.com\/avatar\/927278fe2b0125723dcf92b679a8fa8059f67125bc41628856832e754e42b724?s=96&d=mm&r=g","caption":"Alizn"},"sameAs":["https:\/\/www.alizn-carbon-fiber.com"],"url":"https:\/\/www.alizn-carbon-fiber.com\/pt\/author\/alizn\/"}]}},"_links":{"self":[{"href":"https:\/\/www.alizn-carbon-fiber.com\/pt\/wp-json\/wp\/v2\/posts\/4653","targetHints":{"allow":["GET"]}}],"collection":[{"href":"https:\/\/www.alizn-carbon-fiber.com\/pt\/wp-json\/wp\/v2\/posts"}],"about":[{"href":"https:\/\/www.alizn-carbon-fiber.com\/pt\/wp-json\/wp\/v2\/types\/post"}],"author":[{"embeddable":true,"href":"https:\/\/www.alizn-carbon-fiber.com\/pt\/wp-json\/wp\/v2\/users\/1"}],"replies":[{"embeddable":true,"href":"https:\/\/www.alizn-carbon-fiber.com\/pt\/wp-json\/wp\/v2\/comments?post=4653"}],"version-history":[{"count":0,"href":"https:\/\/www.alizn-carbon-fiber.com\/pt\/wp-json\/wp\/v2\/posts\/4653\/revisions"}],"wp:featuredmedia":[{"embeddable":true,"href":"https:\/\/www.alizn-carbon-fiber.com\/pt\/wp-json\/wp\/v2\/media\/4655"}],"wp:attachment":[{"href":"https:\/\/www.alizn-carbon-fiber.com\/pt\/wp-json\/wp\/v2\/media?parent=4653"}],"wp:term":[{"taxonomy":"category","embeddable":true,"href":"https:\/\/www.alizn-carbon-fiber.com\/pt\/wp-json\/wp\/v2\/categories?post=4653"},{"taxonomy":"post_tag","embeddable":true,"href":"https:\/\/www.alizn-carbon-fiber.com\/pt\/wp-json\/wp\/v2\/tags?post=4653"}],"curies":[{"name":"wp","href":"https:\/\/api.w.org\/{rel}","templated":true}]}}