{"id":4647,"date":"2025-05-27T20:22:20","date_gmt":"2025-05-27T12:22:20","guid":{"rendered":"https:\/\/www.alizn-carbon-fiber.com\/?p=4647"},"modified":"2025-06-02T23:13:08","modified_gmt":"2025-06-02T15:13:08","slug":"como-e-feito-o-capacete-de-fibra-de-carbono","status":"publish","type":"post","link":"https:\/\/www.alizn-carbon-fiber.com\/pt\/how-is-carbon-fiber-hard-hat-made\/","title":{"rendered":"Como \u00e9 feito o capacete de fibra de carbono"},"content":{"rendered":"<p>Este guia explora os tr\u00eas principais m\u00e9todos de fabrica\u00e7\u00e3o de capacetes de fibra de carbono: Processamento em autoclave para qualidade de ponta, Moldagem por transfer\u00eancia de resina (RTM) para efici\u00eancia de m\u00e9dio porte e Camada manual com ensacamento a v\u00e1cuo para solu\u00e7\u00f5es econ\u00f4micas. Ao compreender esses processos, voc\u00ea pode selecionar o m\u00e9todo que se alinha \u00e0s metas da sua marca, garantindo que a fibra de carbono do capacete atenda aos padr\u00f5es de seguran\u00e7a e \u00e0s expectativas dos clientes.<\/p>\n\n\n\n<h3 class=\"wp-block-heading\" id=\"h-high-end-manufacturing-autoclave-processing-for-premium-carbon-fiber-hard-hats\">Fabrica\u00e7\u00e3o de alto padr\u00e3o: Processamento em autoclave para capacetes de fibra de carbono premium<\/h3>\n\n\n\n<p>Para as marcas que desejam produzir capacetes de fibra de carbono de alto n\u00edvel, o processamento em autoclave \u00e9 a refer\u00eancia do setor. Esse m\u00e9todo oferece qualidade, resist\u00eancia e est\u00e9tica inigual\u00e1veis, o que o torna ideal para aplica\u00e7\u00f5es de alto n\u00edvel em que o desempenho e a apar\u00eancia s\u00e3o fundamentais.<\/p>\n\n\n\n<h4 class=\"wp-block-heading\" id=\"h-how-autoclave-processing-works\">Como funciona o processamento em autoclave<\/h4>\n\n\n\n<p>O processamento em autoclave envolve a cura da fibra de carbono pr\u00e9-impregnada (pr\u00e9-impregnada) sob alta press\u00e3o e temperatura. O processo inclui:<\/p>\n\n\n\n<ol class=\"wp-block-list\">\n<li>Prepara\u00e7\u00e3o do material: A fibra de carbono pr\u00e9-impregnada, pr\u00e9-embebida com resina ep\u00f3xi, \u00e9 cortada para se ajustar ao molde do capacete, garantindo propor\u00e7\u00f5es precisas de fibra e resina para uma resist\u00eancia consistente. Sele\u00e7\u00e3o <a href=\"https:\/\/www.alizn-carbon-fiber.com\/pt\/prepreg-vs-tecido-seco-para-pecas-personalizadas-de-fibra-de-carbono-como-escolher\/\" target=\"_blank\" rel=\"noreferrer noopener\">pr\u00e9-impregnado sobre tecido seco<\/a> aumenta a qualidade.<\/li>\n\n\n\n<li>Disposi\u00e7\u00e3o em molde: As camadas de pr\u00e9-impregnado s\u00e3o cuidadosamente dispostas em um molde de precis\u00e3o, com orienta\u00e7\u00f5es de fibra otimizadas para resist\u00eancia e rigidez.<\/li>\n\n\n\n<li>Ensacamento a v\u00e1cuo: O molde \u00e9 selado em um saco a v\u00e1cuo para remover o ar e compactar as camadas.<\/li>\n\n\n\n<li>Cura em autoclave: O molde \u00e9 colocado em uma autoclave, onde a alta press\u00e3o (at\u00e9 100 psi) e a temperatura (at\u00e9 350\u00b0F) eliminam os vazios e melhoram a liga\u00e7\u00e3o fibra-resina, criando um acabamento impec\u00e1vel.<\/li>\n\n\n\n<li>Acabamento: o capacete \u00e9 desmoldado, aparado e polido, com revestimentos opcionais para aprimorar sua apar\u00eancia premium.<\/li>\n<\/ol>\n\n\n\n<h4 class=\"wp-block-heading\" id=\"h-advantages-of-autoclave-processing\">Vantagens do processamento em autoclave<\/h4>\n\n\n\n<figure class=\"wp-block-table\"><table class=\"has-fixed-layout\"><thead><tr><th>Recurso<\/th><th>Benef\u00edcio<\/th><\/tr><\/thead><tbody><tr><td>For\u00e7a excepcional<\/td><td>Resist\u00eancia superior \u00e0 tra\u00e7\u00e3o e ao impacto para m\u00e1xima seguran\u00e7a.<\/td><\/tr><tr><td>Acabamento de superf\u00edcie premium<\/td><td>Apar\u00eancia brilhante e impec\u00e1vel, ideal para marcas de alta qualidade.<\/td><\/tr><tr><td>Qualidade consistente<\/td><td>Uniformidade entre os lotes de produ\u00e7\u00e3o.<\/td><\/tr><tr><td>Op\u00e7\u00f5es de personaliza\u00e7\u00e3o<\/td><td>Oferece suporte a designs complexos e orienta\u00e7\u00f5es de fibra personalizadas.<\/td><\/tr><\/tbody><\/table><\/figure>\n\n\n\n<h4 class=\"wp-block-heading\" id=\"h-limitations\">Limita\u00e7\u00f5es<\/h4>\n\n\n\n<ul class=\"wp-block-list\">\n<li>Alto custo: Equipamentos caros e m\u00e3o de obra qualificada aumentam os custos de produ\u00e7\u00e3o.<\/li>\n\n\n\n<li>Tempo de produ\u00e7\u00e3o mais longo: exige muito tempo, sendo melhor para volumes baixos a m\u00e9dios.<\/li>\n\n\n\n<li>Configura\u00e7\u00e3o complexa: Requer moldes avan\u00e7ados e instala\u00e7\u00f5es de autoclave.<\/li>\n<\/ul>\n\n\n\n<h4 class=\"wp-block-heading\" id=\"h-when-to-choose-autoclave-processing\">Quando escolher o processamento em autoclave<\/h4>\n\n\n\n<p>O processamento em autoclave \u00e9 ideal para marcas que visam mercados premium, como o aeroespacial, de petr\u00f3leo e g\u00e1s ou de constru\u00e7\u00e3o de alto padr\u00e3o, em que os clientes exigem produtos de fibra de carbono de alta qualidade para capacetes. A resist\u00eancia superior e o acabamento impec\u00e1vel justificam o custo mais alto, atraindo os compradores que priorizam o desempenho e a est\u00e9tica.<\/p>\n\n\n\n<figure class=\"wp-block-image size-full\"><a href=\"https:\/\/www.alizn-carbon-fiber.com\/pt\/linha-de-autoclave-para-o-processo-de-fabricacao-de-pecas-de-fibra-de-carbono\/\" target=\"_blank\" rel=\" noreferrer noopener\"><img fetchpriority=\"high\" decoding=\"async\" width=\"1920\" height=\"1080\" src=\"https:\/\/www.alizn-carbon-fiber.com\/wp-content\/uploads\/2025\/05\/carbon-fiber-manufacturing-process-autoclave-line.webp\" alt=\"Linha de autoclave para o processo de fabrica\u00e7\u00e3o de fibra de carbono\" class=\"wp-image-4550\" srcset=\"\/\/www.alizn-carbon-fiber.com\/wp-content\/uploads\/2025\/05\/carbon-fiber-manufacturing-process-autoclave-line.webp 1920w, \/\/www.alizn-carbon-fiber.com\/wp-content\/uploads\/2025\/05\/carbon-fiber-manufacturing-process-autoclave-line-600x338.webp 600w, \/\/www.alizn-carbon-fiber.com\/wp-content\/uploads\/2025\/05\/carbon-fiber-manufacturing-process-autoclave-line-768x432.webp 768w, \/\/www.alizn-carbon-fiber.com\/wp-content\/uploads\/2025\/05\/carbon-fiber-manufacturing-process-autoclave-line-1536x864.webp 1536w\" sizes=\"(max-width: 1920px) 100vw, 1920px\" \/><\/a><\/figure>\n\n\n\n<h3 class=\"wp-block-heading\" id=\"h-mid-range-manufacturing-resin-transfer-molding-rtm-for-balanced-quality-and-cost\">Fabrica\u00e7\u00e3o de m\u00e9dio porte: Moldagem por transfer\u00eancia de resina (RTM) para qualidade e custo equilibrados<\/h3>\n\n\n\n<p>Para as marcas que buscam um equil\u00edbrio entre qualidade e pre\u00e7o acess\u00edvel, a Moldagem por Transfer\u00eancia de Resina (RTM) \u00e9 um m\u00e9todo vers\u00e1til para a produ\u00e7\u00e3o de capacetes de fibra de carbono. Esse processo \u00e9 adequado para produtos de m\u00e9dio porte que oferecem desempenho confi\u00e1vel a um pre\u00e7o competitivo.<\/p>\n\n\n\n<h4 class=\"wp-block-heading\" id=\"h-how-rtm-works\">Como funciona o RTM<\/h4>\n\n\n\n<p>O RTM envolve a inje\u00e7\u00e3o de resina em um molde contendo fibra de carbono seca, simplificando a produ\u00e7\u00e3o para volumes m\u00e9dios. As etapas s\u00e3o:<\/p>\n\n\n\n<ol class=\"wp-block-list\">\n<li>Prepara\u00e7\u00e3o do molde: Um molde de duas partes, normalmente de metal ou composto, \u00e9 revestido com um agente desmoldante.<\/li>\n\n\n\n<li>Coloca\u00e7\u00e3o da fibra: O tecido de fibra de carbono seco \u00e9 colocado no molde, oferecendo economia de custos em rela\u00e7\u00e3o ao pr\u00e9-impregnado. Escolha <a href=\"https:\/\/www.alizn-carbon-fiber.com\/pt\/distincao-entre-pre-impregnado-seco-e-peca-de-fibra-de-carbono-personalizada-umida\/\" target=\"_blank\" rel=\"noreferrer noopener\">pr\u00e9-impregnado seco ou lamina\u00e7\u00e3o \u00famida<\/a> afeta o custo e a qualidade.<\/li>\n\n\n\n<li>Inje\u00e7\u00e3o de resina: A resina de baixa viscosidade \u00e9 injetada sob press\u00e3o, garantindo uma satura\u00e7\u00e3o uniforme e minimizando os vazios.<\/li>\n\n\n\n<li>Cura: O molde \u00e9 aquecido em temperaturas moderadas para curar a resina, reduzindo os custos de energia.<\/li>\n\n\n\n<li>Acabamento: o capacete \u00e9 desmoldado, aparado e finalizado com revestimentos ou pintura para aumentar a durabilidade e a apar\u00eancia.<\/li>\n<\/ol>\n\n\n\n<h4 class=\"wp-block-heading\" id=\"h-advantages-of-rtm\">Vantagens do RTM<\/h4>\n\n\n\n<figure class=\"wp-block-table\"><table class=\"has-fixed-layout\"><thead><tr><th>Recurso<\/th><th>Benef\u00edcio<\/th><\/tr><\/thead><tbody><tr><td>Custo-benef\u00edcio<\/td><td>Custos de material e equipamento mais baixos do que o processamento em autoclave.<\/td><\/tr><tr><td>Boa qualidade<\/td><td>Produz capacetes resistentes e leves com um acabamento suave.<\/td><\/tr><tr><td>Escalabilidade<\/td><td>Adequado para volumes de produ\u00e7\u00e3o m\u00e9dios a altos.<\/td><\/tr><tr><td>Flexibilidade de design<\/td><td>Suporta formas complexas e qualidade consistente.<\/td><\/tr><\/tbody><\/table><\/figure>\n\n\n\n<h4 class=\"wp-block-heading\" id=\"h-limitations-0\">Limita\u00e7\u00f5es<\/h4>\n\n\n\n<ul class=\"wp-block-list\">\n<li>Acabamento moderado: a qualidade da superf\u00edcie \u00e9 boa, mas pode n\u00e3o corresponder ao brilho das pe\u00e7as de autoclave.<\/li>\n\n\n\n<li>Custos de ferramental: Os moldes combinados podem ser caros para produ\u00e7\u00e3o de baixo volume.<\/li>\n\n\n\n<li>Exig\u00eancia de habilidades: Requer operadores treinados para inje\u00e7\u00e3o de resina e configura\u00e7\u00e3o do molde.<\/li>\n<\/ul>\n\n\n\n<h4 class=\"wp-block-heading\" id=\"h-when-to-choose-rtm\">Quando escolher o RTM<\/h4>\n\n\n\n<p>O RTM \u00e9 perfeito para marcas que visam mercados de m\u00e9dio porte, como empresas de constru\u00e7\u00e3o ou fornecedores industriais, em que os clientes buscam fibra de carbono confi\u00e1vel para capacetes a um pre\u00e7o razo\u00e1vel. Sua escalabilidade o torna ideal para marcas em crescimento que preveem maiores volumes de produ\u00e7\u00e3o.<\/p>\n\n\n\n<figure class=\"wp-block-image size-full\"><a href=\"https:\/\/www.alizn-carbon-fiber.com\/pt\/processo-de-moldagem-de-fibra-de-carbono-linha-de-producao-de-rtm\/\"><img decoding=\"async\" width=\"1920\" height=\"1080\" src=\"https:\/\/www.alizn-carbon-fiber.com\/wp-content\/uploads\/2025\/05\/carbon-fiber-molding-process-RTM-demolding.webp\" alt=\"Processo de moldagem de fibra de carbono RTM desmoldagem\" class=\"wp-image-4545\" srcset=\"\/\/www.alizn-carbon-fiber.com\/wp-content\/uploads\/2025\/05\/carbon-fiber-molding-process-RTM-demolding.webp 1920w, \/\/www.alizn-carbon-fiber.com\/wp-content\/uploads\/2025\/05\/carbon-fiber-molding-process-RTM-demolding-600x338.webp 600w, \/\/www.alizn-carbon-fiber.com\/wp-content\/uploads\/2025\/05\/carbon-fiber-molding-process-RTM-demolding-768x432.webp 768w, \/\/www.alizn-carbon-fiber.com\/wp-content\/uploads\/2025\/05\/carbon-fiber-molding-process-RTM-demolding-1536x864.webp 1536w\" sizes=\"(max-width: 1920px) 100vw, 1920px\" \/><\/a><\/figure>\n\n\n\n<h3 class=\"wp-block-heading\" id=\"h-low-end-manufacturing-hand-layup-with-vacuum-bagging-for-cost-effective-solutions\">Fabrica\u00e7\u00e3o de baixo custo: Layup manual com ensacamento a v\u00e1cuo para solu\u00e7\u00f5es econ\u00f4micas<\/h3>\n\n\n\n<p>Para marcas que priorizam a acessibilidade econ\u00f4mica ou aplica\u00e7\u00f5es de nicho, o Layup Manual com Ensacamento a V\u00e1cuo oferece uma abordagem econ\u00f4mica para a produ\u00e7\u00e3o de capacetes de fibra de carbono. Esse m\u00e9todo \u00e9 adequado para produ\u00e7\u00e3o em pequena escala, prototipagem ou modifica\u00e7\u00e3o de capacetes existentes.<\/p>\n\n\n\n<h4 class=\"wp-block-heading\" id=\"h-how-hand-layup-with-vacuum-bagging-works\">Como funciona a estratifica\u00e7\u00e3o manual com ensacamento a v\u00e1cuo<\/h4>\n\n\n\n<p>Esse processo manual envolve a aplica\u00e7\u00e3o manual de fibra de carbono e resina, seguida de ensacamento a v\u00e1cuo para compacta\u00e7\u00e3o. As etapas incluem:<\/p>\n\n\n\n<ol class=\"wp-block-list\">\n<li>Prepara\u00e7\u00e3o do molde: Um molde simples \u00e9 revestido com um agente desmoldante.<\/li>\n\n\n\n<li>Aplica\u00e7\u00e3o da fibra e da resina: O tecido de fibra de carbono seco \u00e9 colocado no molde e a resina \u00e9 aplicada manualmente com um pincel, rolo ou pistola. Para modifica\u00e7\u00f5es, a fibra de carbono pode ser adicionada a uma carca\u00e7a de capacete existente.<\/li>\n\n\n\n<li>Ensacamento a v\u00e1cuo: O layup \u00e9 selado em um saco a v\u00e1cuo, e uma bomba de v\u00e1cuo remove o ar para compactar as camadas e reduzir os vazios.<\/li>\n\n\n\n<li>Cura: A pe\u00e7a cura em temperatura ambiente ou com calor moderado, dependendo do sistema de resina.<\/li>\n\n\n\n<li>Acabamento: o capacete \u00e9 desmoldado, aparado e revestido com acabamentos b\u00e1sicos para aumentar a durabilidade.<\/li>\n<\/ol>\n\n\n\n<h4 class=\"wp-block-heading\" id=\"h-advantages-of-hand-layup-with-vacuum-bagging\">Vantagens do layup manual com ensacamento a v\u00e1cuo<\/h4>\n\n\n\n<figure class=\"wp-block-table\"><table class=\"has-fixed-layout\"><thead><tr><th>Recurso<\/th><th>Benef\u00edcio<\/th><\/tr><\/thead><tbody><tr><td>Baixo custo<\/td><td>O m\u00ednimo de equipamentos e ferramentas reduz o investimento.<\/td><\/tr><tr><td>Flexibilidade<\/td><td>Ideal para projetos personalizados, prot\u00f3tipos ou modifica\u00e7\u00f5es.<\/td><\/tr><tr><td>Acessibilidade<\/td><td>Adequado para pequenas empresas com recursos limitados.<\/td><\/tr><tr><td>Configura\u00e7\u00e3o r\u00e1pida<\/td><td>Implementa\u00e7\u00e3o r\u00e1pida para produ\u00e7\u00e3o de baixo volume.<\/td><\/tr><\/tbody><\/table><\/figure>\n\n\n\n<h4 class=\"wp-block-heading\" id=\"h-limitations-1\">Limita\u00e7\u00f5es<\/h4>\n\n\n\n<ul class=\"wp-block-list\">\n<li>Qualidade vari\u00e1vel: A aplica\u00e7\u00e3o manual pode levar a inconsist\u00eancias no alinhamento das fibras e na distribui\u00e7\u00e3o da resina.<\/li>\n\n\n\n<li>Menor resist\u00eancia: Menos preciso do que a autoclave ou o RTM, resultando em menor durabilidade.<\/li>\n\n\n\n<li>Exige muita m\u00e3o de obra: Inadequado para produ\u00e7\u00e3o de alto volume.<\/li>\n\n\n\n<li>Acabamento b\u00e1sico: a qualidade da superf\u00edcie pode exigir acabamento adicional para obter uma apar\u00eancia polida.<\/li>\n<\/ul>\n\n\n\n<h4 class=\"wp-block-heading\" id=\"h-when-to-choose-hand-layup-with-vacuum-bagging\">Quando escolher o layup manual com ensacamento a v\u00e1cuo<\/h4>\n\n\n\n<p>Esse m\u00e9todo \u00e9 adequado para marcas que t\u00eam como alvo clientes preocupados com o or\u00e7amento ou que produzem produtos personalizados de fibra de carbono para capacetes para nichos de mercado, como designs de edi\u00e7\u00e3o limitada ou capacetes modificados. \u00c9 ideal para startups ou pequenas empresas com or\u00e7amentos limitados.<\/p>\n\n\n\n<figure class=\"wp-block-image size-full\"><a href=\"https:\/\/www.alizn-carbon-fiber.com\/pt\/linha-de-producao-de-empacotamento-manual-e-ensacamento-a-vacuo-de-fibra-de-carbono\/\"><img decoding=\"async\" width=\"1920\" height=\"1080\" src=\"https:\/\/www.alizn-carbon-fiber.com\/wp-content\/uploads\/2025\/04\/carbon-fiber-manufacturing-process-hand-layup-and-vacuum-bagging.webp\" alt=\"Processo de fabrica\u00e7\u00e3o de fibra de carbono, layup manual e ensacamento a v\u00e1cuo\" class=\"wp-image-4513\" srcset=\"\/\/www.alizn-carbon-fiber.com\/wp-content\/uploads\/2025\/04\/carbon-fiber-manufacturing-process-hand-layup-and-vacuum-bagging.webp 1920w, \/\/www.alizn-carbon-fiber.com\/wp-content\/uploads\/2025\/04\/carbon-fiber-manufacturing-process-hand-layup-and-vacuum-bagging-600x338.webp 600w, \/\/www.alizn-carbon-fiber.com\/wp-content\/uploads\/2025\/04\/carbon-fiber-manufacturing-process-hand-layup-and-vacuum-bagging-768x432.webp 768w, \/\/www.alizn-carbon-fiber.com\/wp-content\/uploads\/2025\/04\/carbon-fiber-manufacturing-process-hand-layup-and-vacuum-bagging-1536x864.webp 1536w\" sizes=\"(max-width: 1920px) 100vw, 1920px\" \/><\/a><\/figure>\n\n\n\n<h3 class=\"wp-block-heading\" id=\"h-comparing-manufacturing-methods-for-carbon-fiber-hard-hats\">Compara\u00e7\u00e3o de m\u00e9todos de fabrica\u00e7\u00e3o de capacetes de fibra de carbono<\/h3>\n\n\n\n<p>Para ajud\u00e1-lo a selecionar o melhor processo para seus capacetes de fibra de carbono, a tabela a seguir compara os tr\u00eas m\u00e9todos:<\/p>\n\n\n\n<figure class=\"wp-block-table\"><table class=\"has-fixed-layout\"><thead><tr><th>M\u00e9todo<\/th><th>N\u00edvel de qualidade<\/th><th>Custo<\/th><th>Volume de produ\u00e7\u00e3o<\/th><th>Resist\u00eancia e durabilidade<\/th><th>Acabamento da superf\u00edcie<\/th><th>Melhor para<\/th><\/tr><\/thead><tbody><tr><td>Processamento em autoclave<\/td><td>Alta tecnologia<\/td><td>Alta<\/td><td>Baixo a m\u00e9dio<\/td><td>Excepcional<\/td><td>Impec\u00e1vel<\/td><td>Marcas premium, aplica\u00e7\u00f5es de alto desempenho<\/td><\/tr><tr><td>Moldagem por transfer\u00eancia de resina (RTM)<\/td><td>M\u00e9dio porte<\/td><td>Moderado<\/td><td>M\u00e9dio a alto<\/td><td>Bom<\/td><td>Bom<\/td><td>Qualidade e custo equilibrados, produ\u00e7\u00e3o escalon\u00e1vel<\/td><\/tr><tr><td>Layup manual com ensacamento a v\u00e1cuo<\/td><td>Baixo custo<\/td><td>Baixa<\/td><td>Baixa<\/td><td>Moderado<\/td><td>B\u00e1sico<\/td><td>Or\u00e7amento favor\u00e1vel, prot\u00f3tipos, modifica\u00e7\u00f5es<\/td><\/tr><\/tbody><\/table><\/figure>\n\n\n\n<p>\u00c0 medida que sua marca cresce, suas necessidades de fabrica\u00e7\u00e3o podem evoluir. Veja como cada m\u00e9todo suporta a escalabilidade:<\/p>\n\n\n\n<ul class=\"wp-block-list\">\n<li>Processamento em autoclave: Melhor para volumes baixos a m\u00e9dios devido \u00e0 sua natureza demorada. Ideal para marcas premium com pedidos menores e de alto valor.<\/li>\n\n\n\n<li>RTM: altamente escalon\u00e1vel, o que o torna adequado para marcas que est\u00e3o fazendo a transi\u00e7\u00e3o para produ\u00e7\u00f5es maiores, mantendo a qualidade e a efici\u00eancia de custos.<\/li>\n\n\n\n<li>Layup manual com ensacamento a v\u00e1cuo: Limitado a baixos volumes devido ao seu processo de trabalho intensivo, mas flex\u00edvel para pedidos personalizados ou de nicho.<\/li>\n<\/ul>\n\n\n\n<p>Ao antecipar a demanda futura, voc\u00ea pode selecionar um m\u00e9todo que apoie a trajet\u00f3ria de crescimento da sua marca e, ao mesmo tempo, atenda \u00e0s necessidades atuais.<\/p>\n\n\n\n<h4 class=\"wp-block-heading\" id=\"h-key-considerations-for-your-brand\">Principais considera\u00e7\u00f5es para sua marca<\/h4>\n\n\n\n<ul class=\"wp-block-list\">\n<li>Marcas de alto padr\u00e3o: O processamento em autoclave proporciona a resist\u00eancia e a est\u00e9tica necess\u00e1rias para a fibra de carbono de capacetes premium, ideal para setores como o aeroespacial ou o de constru\u00e7\u00e3o de alta qualidade.<\/li>\n\n\n\n<li>Marcas de m\u00e9dio porte: O RTM equilibra qualidade e custo, perfeito para mercados mais amplos com necessidades de produ\u00e7\u00e3o escalon\u00e1veis.<\/li>\n\n\n\n<li>Marcas econ\u00f4micas ou de nicho: O Layup manual com ensacamento a v\u00e1cuo \u00e9 econ\u00f4mico para capacetes de fibra de carbono personalizados ou de pequena escala, atraindo compradores preocupados com o or\u00e7amento ou com designs exclusivos.<\/li>\n<\/ul>\n\n\n\n<h3 class=\"wp-block-heading\" id=\"h-customization-options-for-carbon-fiber-hard-hats\">Op\u00e7\u00f5es de personaliza\u00e7\u00e3o para capacetes de fibra de carbono<\/h3>\n\n\n\n<p>Voc\u00ea pode personalizar seus capacetes de fibra de carbono para alinhar-se \u00e0 vis\u00e3o da sua marca, independentemente do m\u00e9todo de fabrica\u00e7\u00e3o. As principais op\u00e7\u00f5es de personaliza\u00e7\u00e3o incluem:<\/p>\n\n\n\n<ul class=\"wp-block-list\">\n<li>Padr\u00f5es de trama: Selecionando <a href=\"https:\/\/www.alizn-carbon-fiber.com\/pt\/tecido-de-fibra-de-carbono-liso-versus-sarja-na-personalizacao\/\" target=\"_blank\" rel=\"noreferrer noopener\">tecidos lisos ou em sarja<\/a> permite que voc\u00ea equilibre o apelo est\u00e9tico e o desempenho estrutural.<\/li>\n\n\n\n<li>Resist\u00eancia \u00e0 tra\u00e7\u00e3o e m\u00f3dulo: Escolhendo o modelo apropriado <a href=\"https:\/\/www.alizn-carbon-fiber.com\/pt\/como-escolher-a-resistencia-a-tracao-e-o-modulo-em-fibra-de-carbono-personalizada\/\" target=\"_blank\" rel=\"noreferrer noopener\">grau de fibra de carbono<\/a> garante o equil\u00edbrio certo de for\u00e7a e flexibilidade.<\/li>\n\n\n\n<li>Cor e acabamento: Personalizado <a href=\"https:\/\/www.alizn-carbon-fiber.com\/pt\/cor-e-aparencia-das-pecas-personalizadas-de-fibra-de-carbono\/\" target=\"_blank\" rel=\"noreferrer noopener\">cores e acabamentos<\/a>O visual fica mais atraente com revestimentos resistentes a raios UV ou superf\u00edcies foscas.<\/li>\n\n\n\n<li>Tamanho do reboque: Selecionando o tamanho certo <a href=\"https:\/\/www.alizn-carbon-fiber.com\/pt\/como-escolher-o-reboque-certo-para-uma-peca-personalizada-de-fibra-de-carbono\/\" target=\"_blank\" rel=\"noreferrer noopener\">tamanho do reboque<\/a> equilibra resist\u00eancia e custo para suas necessidades espec\u00edficas.<\/li>\n<\/ul>\n\n\n\n<p>Essas op\u00e7\u00f5es permitem que voc\u00ea crie produtos de fibra de carbono para capacetes adaptados ao seu mercado-alvo, seja ele premium, m\u00e9dio ou econ\u00f4mico.<\/p>\n\n\n\n<h3 class=\"wp-block-heading\">Como escolher o processo de fabrica\u00e7\u00e3o certo para sua marca<\/h3>\n\n\n\n<p>A sele\u00e7\u00e3o do melhor m\u00e9todo de fabrica\u00e7\u00e3o para seus capacetes de fibra de carbono depende de v\u00e1rios fatores:<\/p>\n\n\n\n<ol class=\"wp-block-list\">\n<li>Posicionamento da marca: Seu alvo s\u00e3o os clientes premium que valorizam a qualidade de primeira linha ou os compradores preocupados com o or\u00e7amento que buscam acessibilidade?<\/li>\n\n\n\n<li>Volume de produ\u00e7\u00e3o: Voc\u00ea precisa de pequenos lotes para pedidos personalizados ou de grandes volumes para distribui\u00e7\u00e3o em massa?<\/li>\n\n\n\n<li>Or\u00e7amento: Qual \u00e9 a sua capacidade para equipamentos, ferramentas e custos de m\u00e3o de obra?<\/li>\n\n\n\n<li>Requisitos de desempenho: Seus capacetes precisam atender a padr\u00f5es de seguran\u00e7a ou expectativas est\u00e9ticas espec\u00edficas?<\/li>\n\n\n\n<li>Demanda do mercado: Seus clientes est\u00e3o priorizando a durabilidade, o peso ou o custo?<\/li>\n<\/ol>\n\n\n\n<p>Ao alinhar esses fatores com os pontos fortes do processamento em autoclave, do RTM ou do layup manual com ensacamento a v\u00e1cuo, voc\u00ea pode escolher um m\u00e9todo que apoie os objetivos da sua marca e agregue valor aos seus clientes.<\/p>\n\n\n\n<h3 class=\"wp-block-heading\">Considera\u00e7\u00f5es adicionais para otimizar a produ\u00e7\u00e3o de capacetes de fibra de carbono<\/h3>\n\n\n\n<p>Para aprimorar ainda mais seus capacetes de fibra de carbono, considere os seguintes fatores durante o processo de fabrica\u00e7\u00e3o:<\/p>\n\n\n\n<ul class=\"wp-block-list\">\n<li>Sele\u00e7\u00e3o de materiais: A escolha do tipo de fibra de carbono e do sistema de resina afeta significativamente o desempenho. As fibras de alto m\u00f3dulo oferecem maior rigidez, enquanto as fibras de m\u00f3dulo padr\u00e3o podem ser suficientes para aplica\u00e7\u00f5es menos exigentes.<\/li>\n\n\n\n<li>Projeto do molde: Os moldes de precis\u00e3o s\u00e3o essenciais para obter a geometria complexa dos capacetes, especialmente no processamento em autoclave e RTM. O investimento em moldes de alta qualidade garante a consist\u00eancia e reduz os defeitos.<\/li>\n\n\n\n<li>Controle de qualidade: Testes rigorosos, como avalia\u00e7\u00f5es de resist\u00eancia ao impacto e resist\u00eancia \u00e0 tra\u00e7\u00e3o, garantem que os capacetes de fibra de carbono atendam aos padr\u00f5es do setor, como o ANSI Tipo I.<\/li>\n\n\n\n<li>Sustentabilidade: Optar por resinas ecologicamente corretas ou reciclar o excesso de fibra de carbono pode atrair clientes preocupados com o meio ambiente, melhorando a reputa\u00e7\u00e3o de sua marca.<\/li>\n<\/ul>\n\n\n\n<p>Essas considera\u00e7\u00f5es, combinadas com o m\u00e9todo de fabrica\u00e7\u00e3o correto, permitem que voc\u00ea crie produtos de fibra de carbono para capacetes que se destacam no mercado.<\/p>\n\n\n\n<h3 class=\"wp-block-heading\" id=\"h-faqs-about-custom-carbon-fiber-hard-hats\">Perguntas frequentes sobre os capacetes r\u00edgidos personalizados de fibra de carbono<\/h3>\n\n\n\n<ol class=\"wp-block-list\">\n<li><strong>Quais op\u00e7\u00f5es de personaliza\u00e7\u00e3o est\u00e3o dispon\u00edveis?<\/strong><br>Voc\u00ea pode personalizar cores, padr\u00f5es, logotipos, decalques, designs com imers\u00e3o hidr\u00e1ulica e escolher entre modelos de aba inteira ou estilo bon\u00e9.<\/li>\n\n\n\n<li><strong>A personaliza\u00e7\u00e3o afeta a certifica\u00e7\u00e3o de seguran\u00e7a?<\/strong><br>N\u00e3o, desde que a integridade estrutural n\u00e3o seja alterada. Fabricantes respeit\u00e1veis mant\u00eam a conformidade com a ANSI\/OSHA ap\u00f3s a personaliza\u00e7\u00e3o.<\/li>\n\n\n\n<li><strong>Posso fazer pedidos em grandes quantidades para minha equipe ou empresa?<\/strong><br>Sim, a maioria dos fornecedores oferece pedidos em massa com pre\u00e7os por volume e logotipo de marca para empresas ou equipes.<\/li>\n\n\n\n<li><strong>Quanto tempo leva a produ\u00e7\u00e3o personalizada?<\/strong><br>Normalmente, o prazo de entrega varia de 7 a 21 dias \u00fateis, dependendo da complexidade e do tamanho do pedido.<\/li>\n\n\n\n<li><strong>A fibra de carbono personalizada \u00e9 mais cara do que os modelos padr\u00e3o?<\/strong><br>Sim, devido aos materiais premium e \u00e0 m\u00e3o de obra adicional, as vers\u00f5es personalizadas geralmente s\u00e3o mais caras do que os capacetes prontos para uso.<\/li>\n\n\n\n<li><strong>Ele pode incluir recursos especiais, como prote\u00e7\u00e3o antiest\u00e1tica ou contra raios UV?<\/strong><br>Alguns modelos personalizados oferecem recursos adicionais, como revestimento antiest\u00e1tico, revestimento resistente a raios UV ou acabamentos resistentes a produtos qu\u00edmicos.<\/li>\n\n\n\n<li><strong>Os designs personalizados s\u00e3o dur\u00e1veis e duradouros?<\/strong><br>Sim, os acabamentos personalizados de qualidade - especialmente os hidrodipados ou pintados - s\u00e3o projetados para suportar as condi\u00e7\u00f5es do local de trabalho e resistir ao desbotamento ou ao desgaste.<\/li>\n\n\n\n<li><strong>Para quais ambientes de trabalho eles s\u00e3o mais adequados?<\/strong><br>Ideal para constru\u00e7\u00e3o, servi\u00e7os p\u00fablicos, petr\u00f3leo e g\u00e1s, inspe\u00e7\u00e3o industrial e fun\u00e7\u00f5es que se beneficiam tanto da prote\u00e7\u00e3o quanto da identidade da marca.<\/li>\n\n\n\n<li><strong>Como devo limpar e manter um capacete de fibra de carbono personalizado?<\/strong><br>Use \u00e1gua e sab\u00e3o neutro. Evite produtos qu\u00edmicos agressivos ou abrasivos que possam danificar o design ou comprometer a estrutura.<\/li>\n<\/ol>\n\n\n\n<h3 class=\"wp-block-heading\">Considera\u00e7\u00f5es finais<\/h3>\n\n\n\n<p>Como especialistas em materiais compostos, estamos dispostos a&nbsp;<a href=\"https:\/\/wa.me\/8618930689530\">fornecer a voc\u00ea<\/a>&nbsp;com assist\u00eancia essencial. O julgamento correto agora evita custos excessivos, atrasos e resultados decepcionantes mais tarde.<\/p>\n\n\n\n<p>Precisa de orienta\u00e7\u00e3o sobre sua pe\u00e7a de fibra de carbono personalizada?&nbsp;<a href=\"https:\/\/www.alizn-carbon-fiber.com\/pt\/entre-em-contato-com-a-fabrica-do-alizn\/\">Entre em contato com a nossa equipe para obter orienta\u00e7\u00e3o especializada<\/a>.<\/p>","protected":false},"excerpt":{"rendered":"<p>Na Alizn, um dos principais fabricantes de pe\u00e7as de fibra de carbono, somos especializados em orientar os clientes na produ\u00e7\u00e3o de capacetes de fibra de carbono de alta qualidade. Esses capacetes de seguran\u00e7a avan\u00e7ados combinam design leve, resist\u00eancia e durabilidade excepcionais, o que os torna ideais para setores como constru\u00e7\u00e3o, manufatura e aeroespacial. O processo de fabrica\u00e7\u00e3o escolhido afeta diretamente a qualidade, o custo e o posicionamento de mercado dos seus capacetes de fibra de carbono, independentemente de o seu alvo ser os mercados premium, intermedi\u00e1rio ou econ\u00f4mico.<\/p>","protected":false},"author":1,"featured_media":4650,"comment_status":"closed","ping_status":"open","sticky":false,"template":"","format":"standard","meta":{"site-sidebar-layout":"default","site-content-layout":"","ast-site-content-layout":"default","site-content-style":"default","site-sidebar-style":"default","ast-global-header-display":"","ast-banner-title-visibility":"","ast-main-header-display":"","ast-hfb-above-header-display":"","ast-hfb-below-header-display":"","ast-hfb-mobile-header-display":"","site-post-title":"","ast-breadcrumbs-content":"","ast-featured-img":"","footer-sml-layout":"","ast-disable-related-posts":"","theme-transparent-header-meta":"","adv-header-id-meta":"","stick-header-meta":"","header-above-stick-meta":"","header-main-stick-meta":"","header-below-stick-meta":"","astra-migrate-meta-layouts":"set","ast-page-background-enabled":"default","ast-page-background-meta":{"desktop":{"background-color":"","background-image":"","background-repeat":"repeat","background-position":"center center","background-size":"auto","background-attachment":"scroll","background-type":"","background-media":"","overlay-type":"","overlay-color":"","overlay-opacity":"","overlay-gradient":""},"tablet":{"background-color":"","background-image":"","background-repeat":"repeat","background-position":"center center","background-size":"auto","background-attachment":"scroll","background-type":"","background-media":"","overlay-type":"","overlay-color":"","overlay-opacity":"","overlay-gradient":""},"mobile":{"background-color":"","background-image":"","background-repeat":"repeat","background-position":"center center","background-size":"auto","background-attachment":"scroll","background-type":"","background-media":"","overlay-type":"","overlay-color":"","overlay-opacity":"","overlay-gradient":""}},"ast-content-background-meta":{"desktop":{"background-color":"var(--ast-global-color-5)","background-image":"","background-repeat":"repeat","background-position":"center center","background-size":"auto","background-attachment":"scroll","background-type":"","background-media":"","overlay-type":"","overlay-color":"","overlay-opacity":"","overlay-gradient":""},"tablet":{"background-color":"var(--ast-global-color-5)","background-image":"","background-repeat":"repeat","background-position":"center center","background-size":"auto","background-attachment":"scroll","background-type":"","background-media":"","overlay-type":"","overlay-color":"","overlay-opacity":"","overlay-gradient":""},"mobile":{"background-color":"var(--ast-global-color-5)","background-image":"","background-repeat":"repeat","background-position":"center center","background-size":"auto","background-attachment":"scroll","background-type":"","background-media":"","overlay-type":"","overlay-color":"","overlay-opacity":"","overlay-gradient":""}},"footnotes":""},"categories":[12,21],"tags":[16],"class_list":["post-4647","post","type-post","status-publish","format-standard","has-post-thumbnail","hentry","category-custom-carbon-fiber-knowledge","category-custom-carbon-fiber-wiki","tag-carbon-fiber-hard-hats-customization-guide"],"yoast_head":"<!-- This site is optimized with the Yoast SEO Premium plugin v26.3 (Yoast SEO v27.1.1) - https:\/\/yoast.com\/product\/yoast-seo-premium-wordpress\/ -->\n<title>How is Carbon Fiber Hard Hat Made - Alizn<\/title>\n<meta name=\"description\" content=\"Custom carbon fiber hard hat with personalized design, strength, lightweight comfort for demanding industrial environments.\" \/>\n<meta name=\"robots\" content=\"index, follow, max-snippet:-1, max-image-preview:large, max-video-preview:-1\" \/>\n<link rel=\"canonical\" href=\"https:\/\/www.alizn-carbon-fiber.com\/pt\/como-e-feito-o-capacete-de-fibra-de-carbono\/\" \/>\n<meta property=\"og:locale\" content=\"pt_BR\" \/>\n<meta property=\"og:type\" content=\"article\" \/>\n<meta property=\"og:title\" content=\"How is Carbon Fiber Hard Hat Made\" \/>\n<meta property=\"og:description\" content=\"Custom carbon fiber hard hat with personalized design, strength, lightweight comfort for demanding industrial environments.\" \/>\n<meta property=\"og:url\" content=\"https:\/\/www.alizn-carbon-fiber.com\/pt\/como-e-feito-o-capacete-de-fibra-de-carbono\/\" \/>\n<meta property=\"og:site_name\" content=\"Alizn\" \/>\n<meta property=\"article:publisher\" content=\"https:\/\/www.facebook.com\/alizncarbon\" \/>\n<meta property=\"article:published_time\" content=\"2025-05-27T12:22:20+00:00\" \/>\n<meta property=\"article:modified_time\" content=\"2025-06-02T15:13:08+00:00\" \/>\n<meta property=\"og:image\" content=\"https:\/\/www.alizn-carbon-fiber.com\/wp-content\/uploads\/2025\/05\/how-are-carbon-fiber-hard-hats-made.webp\" \/>\n\t<meta property=\"og:image:width\" content=\"1920\" \/>\n\t<meta property=\"og:image:height\" content=\"1080\" \/>\n\t<meta property=\"og:image:type\" content=\"image\/webp\" \/>\n<meta name=\"author\" content=\"Alizn\" \/>\n<meta name=\"twitter:card\" content=\"summary_large_image\" \/>\n<meta name=\"twitter:creator\" content=\"@alizncarbon\" \/>\n<meta name=\"twitter:site\" content=\"@alizncarbon\" \/>\n<meta name=\"twitter:label1\" content=\"Escrito por\" \/>\n\t<meta name=\"twitter:data1\" content=\"Alizn\" \/>\n\t<meta name=\"twitter:label2\" content=\"Est. tempo de leitura\" \/>\n\t<meta name=\"twitter:data2\" content=\"11 minutos\" \/>\n<script type=\"application\/ld+json\" class=\"yoast-schema-graph\">{\"@context\":\"https:\/\/schema.org\",\"@graph\":[{\"@type\":\"Article\",\"@id\":\"https:\/\/www.alizn-carbon-fiber.com\/how-is-carbon-fiber-hard-hat-made\/#article\",\"isPartOf\":{\"@id\":\"https:\/\/www.alizn-carbon-fiber.com\/how-is-carbon-fiber-hard-hat-made\/\"},\"author\":{\"name\":\"Alizn\",\"@id\":\"https:\/\/www.alizn-carbon-fiber.com\/#\/schema\/person\/aa683e4d307323019d85f49ca1bb99b0\"},\"headline\":\"How is Carbon Fiber Hard Hat Made\",\"datePublished\":\"2025-05-27T12:22:20+00:00\",\"dateModified\":\"2025-06-02T15:13:08+00:00\",\"mainEntityOfPage\":{\"@id\":\"https:\/\/www.alizn-carbon-fiber.com\/how-is-carbon-fiber-hard-hat-made\/\"},\"wordCount\":1879,\"publisher\":{\"@id\":\"https:\/\/www.alizn-carbon-fiber.com\/#organization\"},\"image\":{\"@id\":\"https:\/\/www.alizn-carbon-fiber.com\/how-is-carbon-fiber-hard-hat-made\/#primaryimage\"},\"thumbnailUrl\":\"https:\/\/www.alizn-carbon-fiber.com\/wp-content\/uploads\/2025\/05\/how-are-carbon-fiber-hard-hats-made.webp\",\"keywords\":[\"Carbon Fiber Hard Hats Customization Guide\"],\"articleSection\":[\"Custom Carbon Fiber Knowledge\",\"Custom Carbon Fiber WiKi\"],\"inLanguage\":\"pt-BR\"},{\"@type\":\"WebPage\",\"@id\":\"https:\/\/www.alizn-carbon-fiber.com\/how-is-carbon-fiber-hard-hat-made\/\",\"url\":\"https:\/\/www.alizn-carbon-fiber.com\/how-is-carbon-fiber-hard-hat-made\/\",\"name\":\"How is Carbon Fiber Hard Hat Made - Alizn\",\"isPartOf\":{\"@id\":\"https:\/\/www.alizn-carbon-fiber.com\/#website\"},\"primaryImageOfPage\":{\"@id\":\"https:\/\/www.alizn-carbon-fiber.com\/how-is-carbon-fiber-hard-hat-made\/#primaryimage\"},\"image\":{\"@id\":\"https:\/\/www.alizn-carbon-fiber.com\/how-is-carbon-fiber-hard-hat-made\/#primaryimage\"},\"thumbnailUrl\":\"https:\/\/www.alizn-carbon-fiber.com\/wp-content\/uploads\/2025\/05\/how-are-carbon-fiber-hard-hats-made.webp\",\"datePublished\":\"2025-05-27T12:22:20+00:00\",\"dateModified\":\"2025-06-02T15:13:08+00:00\",\"description\":\"Custom carbon fiber hard hat with personalized design, strength, lightweight comfort for demanding industrial environments.\",\"breadcrumb\":{\"@id\":\"https:\/\/www.alizn-carbon-fiber.com\/how-is-carbon-fiber-hard-hat-made\/#breadcrumb\"},\"inLanguage\":\"pt-BR\",\"potentialAction\":[{\"@type\":\"ReadAction\",\"target\":[\"https:\/\/www.alizn-carbon-fiber.com\/how-is-carbon-fiber-hard-hat-made\/\"]}]},{\"@type\":\"ImageObject\",\"inLanguage\":\"pt-BR\",\"@id\":\"https:\/\/www.alizn-carbon-fiber.com\/how-is-carbon-fiber-hard-hat-made\/#primaryimage\",\"url\":\"https:\/\/www.alizn-carbon-fiber.com\/wp-content\/uploads\/2025\/05\/how-are-carbon-fiber-hard-hats-made.webp\",\"contentUrl\":\"https:\/\/www.alizn-carbon-fiber.com\/wp-content\/uploads\/2025\/05\/how-are-carbon-fiber-hard-hats-made.webp\",\"width\":1920,\"height\":1080,\"caption\":\"how are carbon fiber hard hats made\"},{\"@type\":\"BreadcrumbList\",\"@id\":\"https:\/\/www.alizn-carbon-fiber.com\/how-is-carbon-fiber-hard-hat-made\/#breadcrumb\",\"itemListElement\":[{\"@type\":\"ListItem\",\"position\":1,\"name\":\"Home\",\"item\":\"https:\/\/www.alizn-carbon-fiber.com\/\"},{\"@type\":\"ListItem\",\"position\":2,\"name\":\"How is Carbon Fiber Hard Hat Made\"}]},{\"@type\":\"WebSite\",\"@id\":\"https:\/\/www.alizn-carbon-fiber.com\/#website\",\"url\":\"https:\/\/www.alizn-carbon-fiber.com\/\",\"name\":\"Alizn Custom Carbon Fiber Factory\",\"description\":\"Alizn specialize in tailoring custom carbon fiber parts to the unique and rigorous demands of diverse customers and applications, from consumer goods to medical devices to robotics to car.\",\"publisher\":{\"@id\":\"https:\/\/www.alizn-carbon-fiber.com\/#organization\"},\"potentialAction\":[{\"@type\":\"SearchAction\",\"target\":{\"@type\":\"EntryPoint\",\"urlTemplate\":\"https:\/\/www.alizn-carbon-fiber.com\/?s={search_term_string}\"},\"query-input\":{\"@type\":\"PropertyValueSpecification\",\"valueRequired\":true,\"valueName\":\"search_term_string\"}}],\"inLanguage\":\"pt-BR\"},{\"@type\":\"Organization\",\"@id\":\"https:\/\/www.alizn-carbon-fiber.com\/#organization\",\"name\":\"Alizn\",\"url\":\"https:\/\/www.alizn-carbon-fiber.com\/\",\"logo\":{\"@type\":\"ImageObject\",\"inLanguage\":\"pt-BR\",\"@id\":\"https:\/\/www.alizn-carbon-fiber.com\/#\/schema\/logo\/image\/\",\"url\":\"https:\/\/www.alizn-carbon-fiber.com\/wp-content\/uploads\/2025\/03\/ali-512.png\",\"contentUrl\":\"https:\/\/www.alizn-carbon-fiber.com\/wp-content\/uploads\/2025\/03\/ali-512.png\",\"width\":512,\"height\":512,\"caption\":\"Alizn\"},\"image\":{\"@id\":\"https:\/\/www.alizn-carbon-fiber.com\/#\/schema\/logo\/image\/\"},\"sameAs\":[\"https:\/\/www.facebook.com\/alizncarbon\",\"https:\/\/x.com\/alizncarbon\",\"https:\/\/www.youtube.com\/@alizncarbon\",\"https:\/\/www.instagram.com\/alizncarbon\",\"https:\/\/www.pinterest.com\/alizncarbon\"]},{\"@type\":\"Person\",\"@id\":\"https:\/\/www.alizn-carbon-fiber.com\/#\/schema\/person\/aa683e4d307323019d85f49ca1bb99b0\",\"name\":\"Alizn\",\"image\":{\"@type\":\"ImageObject\",\"inLanguage\":\"pt-BR\",\"@id\":\"https:\/\/www.alizn-carbon-fiber.com\/#\/schema\/person\/image\/\",\"url\":\"https:\/\/secure.gravatar.com\/avatar\/927278fe2b0125723dcf92b679a8fa8059f67125bc41628856832e754e42b724?s=96&d=mm&r=g\",\"contentUrl\":\"https:\/\/secure.gravatar.com\/avatar\/927278fe2b0125723dcf92b679a8fa8059f67125bc41628856832e754e42b724?s=96&d=mm&r=g\",\"caption\":\"Alizn\"},\"sameAs\":[\"https:\/\/www.alizn-carbon-fiber.com\"],\"url\":\"https:\/\/www.alizn-carbon-fiber.com\/pt\/author\/alizn\/\"}]}<\/script>\n<!-- \/ Yoast SEO Premium plugin. -->","yoast_head_json":{"title":"Como \u00e9 feito o capacete de fibra de carbono - Alizn","description":"Capacete de fibra de carbono com design personalizado, resist\u00eancia e conforto leve para ambientes industriais exigentes.","robots":{"index":"index","follow":"follow","max-snippet":"max-snippet:-1","max-image-preview":"max-image-preview:large","max-video-preview":"max-video-preview:-1"},"canonical":"https:\/\/www.alizn-carbon-fiber.com\/pt\/como-e-feito-o-capacete-de-fibra-de-carbono\/","og_locale":"pt_BR","og_type":"article","og_title":"How is Carbon Fiber Hard Hat Made","og_description":"Custom carbon fiber hard hat with personalized design, strength, lightweight comfort for demanding industrial environments.","og_url":"https:\/\/www.alizn-carbon-fiber.com\/pt\/como-e-feito-o-capacete-de-fibra-de-carbono\/","og_site_name":"Alizn","article_publisher":"https:\/\/www.facebook.com\/alizncarbon","article_published_time":"2025-05-27T12:22:20+00:00","article_modified_time":"2025-06-02T15:13:08+00:00","og_image":[{"width":1920,"height":1080,"url":"https:\/\/www.alizn-carbon-fiber.com\/wp-content\/uploads\/2025\/05\/how-are-carbon-fiber-hard-hats-made.webp","type":"image\/webp"}],"author":"Alizn","twitter_card":"summary_large_image","twitter_creator":"@alizncarbon","twitter_site":"@alizncarbon","twitter_misc":{"Escrito por":"Alizn","Est. tempo de leitura":"11 minutos"},"schema":{"@context":"https:\/\/schema.org","@graph":[{"@type":"Article","@id":"https:\/\/www.alizn-carbon-fiber.com\/how-is-carbon-fiber-hard-hat-made\/#article","isPartOf":{"@id":"https:\/\/www.alizn-carbon-fiber.com\/how-is-carbon-fiber-hard-hat-made\/"},"author":{"name":"Alizn","@id":"https:\/\/www.alizn-carbon-fiber.com\/#\/schema\/person\/aa683e4d307323019d85f49ca1bb99b0"},"headline":"How is Carbon Fiber Hard Hat Made","datePublished":"2025-05-27T12:22:20+00:00","dateModified":"2025-06-02T15:13:08+00:00","mainEntityOfPage":{"@id":"https:\/\/www.alizn-carbon-fiber.com\/how-is-carbon-fiber-hard-hat-made\/"},"wordCount":1879,"publisher":{"@id":"https:\/\/www.alizn-carbon-fiber.com\/#organization"},"image":{"@id":"https:\/\/www.alizn-carbon-fiber.com\/how-is-carbon-fiber-hard-hat-made\/#primaryimage"},"thumbnailUrl":"https:\/\/www.alizn-carbon-fiber.com\/wp-content\/uploads\/2025\/05\/how-are-carbon-fiber-hard-hats-made.webp","keywords":["Carbon Fiber Hard Hats Customization Guide"],"articleSection":["Custom Carbon Fiber Knowledge","Custom Carbon Fiber WiKi"],"inLanguage":"pt-BR"},{"@type":"WebPage","@id":"https:\/\/www.alizn-carbon-fiber.com\/how-is-carbon-fiber-hard-hat-made\/","url":"https:\/\/www.alizn-carbon-fiber.com\/how-is-carbon-fiber-hard-hat-made\/","name":"Como \u00e9 feito o capacete de fibra de carbono - Alizn","isPartOf":{"@id":"https:\/\/www.alizn-carbon-fiber.com\/#website"},"primaryImageOfPage":{"@id":"https:\/\/www.alizn-carbon-fiber.com\/how-is-carbon-fiber-hard-hat-made\/#primaryimage"},"image":{"@id":"https:\/\/www.alizn-carbon-fiber.com\/how-is-carbon-fiber-hard-hat-made\/#primaryimage"},"thumbnailUrl":"https:\/\/www.alizn-carbon-fiber.com\/wp-content\/uploads\/2025\/05\/how-are-carbon-fiber-hard-hats-made.webp","datePublished":"2025-05-27T12:22:20+00:00","dateModified":"2025-06-02T15:13:08+00:00","description":"Capacete de fibra de carbono com design personalizado, resist\u00eancia e conforto leve para ambientes industriais exigentes.","breadcrumb":{"@id":"https:\/\/www.alizn-carbon-fiber.com\/how-is-carbon-fiber-hard-hat-made\/#breadcrumb"},"inLanguage":"pt-BR","potentialAction":[{"@type":"ReadAction","target":["https:\/\/www.alizn-carbon-fiber.com\/how-is-carbon-fiber-hard-hat-made\/"]}]},{"@type":"ImageObject","inLanguage":"pt-BR","@id":"https:\/\/www.alizn-carbon-fiber.com\/how-is-carbon-fiber-hard-hat-made\/#primaryimage","url":"https:\/\/www.alizn-carbon-fiber.com\/wp-content\/uploads\/2025\/05\/how-are-carbon-fiber-hard-hats-made.webp","contentUrl":"https:\/\/www.alizn-carbon-fiber.com\/wp-content\/uploads\/2025\/05\/how-are-carbon-fiber-hard-hats-made.webp","width":1920,"height":1080,"caption":"how are carbon fiber hard hats made"},{"@type":"BreadcrumbList","@id":"https:\/\/www.alizn-carbon-fiber.com\/how-is-carbon-fiber-hard-hat-made\/#breadcrumb","itemListElement":[{"@type":"ListItem","position":1,"name":"Home","item":"https:\/\/www.alizn-carbon-fiber.com\/"},{"@type":"ListItem","position":2,"name":"How is Carbon Fiber Hard Hat Made"}]},{"@type":"WebSite","@id":"https:\/\/www.alizn-carbon-fiber.com\/#website","url":"https:\/\/www.alizn-carbon-fiber.com\/","name":"F\u00e1brica de fibra de carbono personalizada Alizn","description":"A Alizn \u00e9 especializada em adaptar pe\u00e7as personalizadas de fibra de carbono \u00e0s demandas exclusivas e rigorosas de diversos clientes e aplica\u00e7\u00f5es, de bens de consumo a dispositivos m\u00e9dicos, rob\u00f3tica e autom\u00f3veis.","publisher":{"@id":"https:\/\/www.alizn-carbon-fiber.com\/#organization"},"potentialAction":[{"@type":"SearchAction","target":{"@type":"EntryPoint","urlTemplate":"https:\/\/www.alizn-carbon-fiber.com\/?s={search_term_string}"},"query-input":{"@type":"PropertyValueSpecification","valueRequired":true,"valueName":"search_term_string"}}],"inLanguage":"pt-BR"},{"@type":"Organization","@id":"https:\/\/www.alizn-carbon-fiber.com\/#organization","name":"Alizn","url":"https:\/\/www.alizn-carbon-fiber.com\/","logo":{"@type":"ImageObject","inLanguage":"pt-BR","@id":"https:\/\/www.alizn-carbon-fiber.com\/#\/schema\/logo\/image\/","url":"https:\/\/www.alizn-carbon-fiber.com\/wp-content\/uploads\/2025\/03\/ali-512.png","contentUrl":"https:\/\/www.alizn-carbon-fiber.com\/wp-content\/uploads\/2025\/03\/ali-512.png","width":512,"height":512,"caption":"Alizn"},"image":{"@id":"https:\/\/www.alizn-carbon-fiber.com\/#\/schema\/logo\/image\/"},"sameAs":["https:\/\/www.facebook.com\/alizncarbon","https:\/\/x.com\/alizncarbon","https:\/\/www.youtube.com\/@alizncarbon","https:\/\/www.instagram.com\/alizncarbon","https:\/\/www.pinterest.com\/alizncarbon"]},{"@type":"Person","@id":"https:\/\/www.alizn-carbon-fiber.com\/#\/schema\/person\/aa683e4d307323019d85f49ca1bb99b0","name":"Alizn","image":{"@type":"ImageObject","inLanguage":"pt-BR","@id":"https:\/\/www.alizn-carbon-fiber.com\/#\/schema\/person\/image\/","url":"https:\/\/secure.gravatar.com\/avatar\/927278fe2b0125723dcf92b679a8fa8059f67125bc41628856832e754e42b724?s=96&d=mm&r=g","contentUrl":"https:\/\/secure.gravatar.com\/avatar\/927278fe2b0125723dcf92b679a8fa8059f67125bc41628856832e754e42b724?s=96&d=mm&r=g","caption":"Alizn"},"sameAs":["https:\/\/www.alizn-carbon-fiber.com"],"url":"https:\/\/www.alizn-carbon-fiber.com\/pt\/author\/alizn\/"}]}},"_links":{"self":[{"href":"https:\/\/www.alizn-carbon-fiber.com\/pt\/wp-json\/wp\/v2\/posts\/4647","targetHints":{"allow":["GET"]}}],"collection":[{"href":"https:\/\/www.alizn-carbon-fiber.com\/pt\/wp-json\/wp\/v2\/posts"}],"about":[{"href":"https:\/\/www.alizn-carbon-fiber.com\/pt\/wp-json\/wp\/v2\/types\/post"}],"author":[{"embeddable":true,"href":"https:\/\/www.alizn-carbon-fiber.com\/pt\/wp-json\/wp\/v2\/users\/1"}],"replies":[{"embeddable":true,"href":"https:\/\/www.alizn-carbon-fiber.com\/pt\/wp-json\/wp\/v2\/comments?post=4647"}],"version-history":[{"count":0,"href":"https:\/\/www.alizn-carbon-fiber.com\/pt\/wp-json\/wp\/v2\/posts\/4647\/revisions"}],"wp:featuredmedia":[{"embeddable":true,"href":"https:\/\/www.alizn-carbon-fiber.com\/pt\/wp-json\/wp\/v2\/media\/4650"}],"wp:attachment":[{"href":"https:\/\/www.alizn-carbon-fiber.com\/pt\/wp-json\/wp\/v2\/media?parent=4647"}],"wp:term":[{"taxonomy":"category","embeddable":true,"href":"https:\/\/www.alizn-carbon-fiber.com\/pt\/wp-json\/wp\/v2\/categories?post=4647"},{"taxonomy":"post_tag","embeddable":true,"href":"https:\/\/www.alizn-carbon-fiber.com\/pt\/wp-json\/wp\/v2\/tags?post=4647"}],"curies":[{"name":"wp","href":"https:\/\/api.w.org\/{rel}","templated":true}]}}