{"id":7039,"date":"2025-09-03T19:53:15","date_gmt":"2025-09-03T11:53:15","guid":{"rendered":"https:\/\/www.alizn-carbon-fiber.com\/?p=7039"},"modified":"2025-09-03T19:53:18","modified_gmt":"2025-09-03T11:53:18","slug":"mejor-capucha-de-fibra-de-carbono-para-x6m-comp-proveedor","status":"publish","type":"post","link":"https:\/\/www.alizn-carbon-fiber.com\/es\/best-carbon-fiber-hood-for-x6m-comp-supplier\/","title":{"rendered":"Mejor cap\u00f3 de fibra de carbono para X6M Comp Proveedor"},"content":{"rendered":"<h3 class=\"wp-block-heading\" id=\"h-why-carbon-fiber-hoods-are-ideal-for-the-bmw-x6m-comp\">Por qu\u00e9 los cap\u00f3s de fibra de carbono son ideales para el BMW X6M Comp<\/h3>\n\n\n\n<p>El BMW X6M Comp es un SUV de altas prestaciones que exige componentes ligeros pero resistentes para mantener el equilibrio entre potencia y agilidad. A <a href=\"https:\/\/www.alizn-carbon-fiber.com\/es\/capos-personalizados-de-fibra-de-carbono\/\" target=\"_blank\" rel=\"noreferrer noopener\">cap\u00f3 de fibra de carbono<\/a> reduce el peso en el eje delantero, mejorando la aceleraci\u00f3n, la eficacia de la frenada y la estabilidad en las curvas. A diferencia de las alternativas de aluminio o acero, la fibra de carbono tiene una mayor relaci\u00f3n resistencia-peso y ofrece un aspecto de primera calidad que encaja con el agresivo estilo del X6M Comp.<\/p>\n\n\n\n<p>En la b\u00fasqueda de la mejor capota de fibra de carbono para X6M Comp, es esencial entender c\u00f3mo diferentes <a href=\"https:\/\/www.alizn-carbon-fiber.com\/es\/como-se-fabrican-las-piezas-de-fibra-de-carbono\/\" target=\"_blank\" rel=\"noreferrer noopener\">m\u00e9todos de fabricaci\u00f3n<\/a> influyen en la durabilidad, el coste y el potencial de personalizaci\u00f3n. Ese conocimiento ayuda a los compradores a decidir qu\u00e9 l\u00ednea de producci\u00f3n es la mejor para su aplicaci\u00f3n.<\/p>\n\n\n\n<h3 class=\"wp-block-heading\" id=\"h-carbon-fiber-production-methods-for-hoods\">M\u00e9todos de producci\u00f3n de fibra de carbono para cap\u00f3s<\/h3>\n\n\n\n<p>No todos los m\u00e9todos de producci\u00f3n son adecuados para piezas de automoci\u00f3n grandes y complejas, como los cap\u00f3s. Como <a href=\"https:\/\/www.alizn-carbon-fiber.com\/es\/fabrica-de-fibra-de-carbono\/\" target=\"_blank\" rel=\"noreferrer noopener\">fabricante<\/a>Seleccionamos las t\u00e9cnicas en funci\u00f3n del rendimiento, el coste y los requisitos visuales.<\/p>\n\n\n\n<h4 class=\"wp-block-heading\" id=\"h-prepreg-autoclave-process\">Proceso de preimpregnado en autoclave<\/h4>\n\n\n\n<p>El m\u00e9todo de preimpregnado en autoclave es la norma de oro para el alto rendimiento. <a href=\"https:\/\/www.alizn-carbon-fiber.com\/es\/piezas-de-fibra-de-carbono-personalizadas\/\" target=\"_blank\" rel=\"noreferrer noopener\">cap\u00f3s de fibra de carbono para autom\u00f3viles<\/a>. En este proceso, las l\u00e1minas de fibra de carbono preimpregnadas con resina se colocan en capas en un molde y se curan bajo calor y presi\u00f3n dentro de un autoclave.<\/p>\n\n\n\n<p><strong>Ventajas para el cap\u00f3 X6M Comp:<\/strong><\/p>\n\n\n\n<ul class=\"wp-block-list\">\n<li>Excelente relaci\u00f3n resistencia-peso<\/li>\n\n\n\n<li>Ajuste preciso y exactitud dimensional<\/li>\n\n\n\n<li>Superficie lisa y sin defectos apta para acabados de capa transparente<\/li>\n\n\n\n<li>Calidad constante para aplicaciones premium<\/li>\n<\/ul>\n\n\n\n<p>Este m\u00e9todo es ideal para los clientes que desean la mejor capota de fibra de carbono para X6M Comp con un ajuste de nivel OEM y una apariencia de lujo.<\/p>\n\n\n\n<h4 class=\"wp-block-heading\" id=\"h-resin-transfer-molding-rtm\">Moldeo por transferencia de resina (RTM)<\/h4>\n\n\n\n<p>El RTM es otro m\u00e9todo muy utilizado para <a href=\"https:\/\/www.alizn-carbon-fiber.com\/es\/como-se-fabrican-las-piezas-de-fibra-de-carbono\/\" target=\"_blank\" rel=\"noreferrer noopener\">producci\u00f3n de cap\u00f3s de fibra de carbono<\/a>. Consiste en colocar tejidos de fibra de carbono secos en un molde, inyectar resina y, a continuaci\u00f3n, curar a presi\u00f3n controlada.<\/p>\n\n\n\n<p><strong>Ventajas:<\/strong><\/p>\n\n\n\n<ul class=\"wp-block-list\">\n<li>Menor coste en comparaci\u00f3n con la producci\u00f3n en autoclave<\/li>\n\n\n\n<li>Buen rendimiento estructural para uso en la calle y de alto rendimiento<\/li>\n\n\n\n<li>Posibilidad de mayor volumen de producci\u00f3n<\/li>\n<\/ul>\n\n\n\n<p>Los cap\u00f3s RTM son una opci\u00f3n s\u00f3lida para los clientes que buscan un equilibrio entre calidad y asequibilidad sin renunciar demasiado al ahorro de peso.<\/p>\n\n\n\n<h4 class=\"wp-block-heading\" id=\"h-vacuum-infusion-process\">Proceso de infusi\u00f3n al vac\u00edo<\/h4>\n\n\n\n<p>La infusi\u00f3n al vac\u00edo utiliza la presi\u00f3n del vac\u00edo para introducir la resina en las capas de fibra de carbono. Aunque es eficaz para paneles de automoci\u00f3n de tama\u00f1o medio, este proceso no suele recomendarse para grandes cap\u00f3s estructurales, a menos que la sensibilidad al precio sea una prioridad.<\/p>\n\n\n\n<p>Para el BMW X6M Comp, la infusi\u00f3n al vac\u00edo puede ser adecuada si el cliente se centra en la construcci\u00f3n ligera y en consideraciones de presupuesto moderado m\u00e1s que en acabados perfectos.<\/p>\n\n\n\n<h4 class=\"wp-block-heading\" id=\"h-wet-lay-up-process\">Proceso de colocaci\u00f3n en h\u00famedo<\/h4>\n\n\n\n<p>La laminaci\u00f3n en h\u00famedo es el m\u00e9todo m\u00e1s sencillo y econ\u00f3mico, pero no se recomienda para aplicaciones de alta gama como el cap\u00f3 del BMW X6M Competition. Consiste en aplicar manualmente resina sobre tejidos de fibra de carbono dentro de un molde.<\/p>\n\n\n\n<p>Aunque es \u00fatil para prototipos y piezas a peque\u00f1a escala, este proceso carece de la resistencia y la eficiencia de peso que se espera de los mejores. <a href=\"https:\/\/www.alizn-carbon-fiber.com\/es\/capos-personalizados-de-fibra-de-carbono\/\" target=\"_blank\" rel=\"noreferrer noopener\">cap\u00f3 de fibra de carbono<\/a> para X6M Comp. En Alizn, normalmente evitamos este m\u00e9todo para grandes paneles exteriores de autom\u00f3viles.<\/p>\n\n\n\n<figure class=\"wp-block-image size-full\"><img fetchpriority=\"high\" decoding=\"async\" width=\"1920\" height=\"1080\" src=\"https:\/\/www.alizn-carbon-fiber.com\/wp-content\/uploads\/2025\/09\/best-carbon-fiber-hood-for-x6m-comp-customization-supplier.webp\" alt=\"mejor capucha de fibra de carbono para x6m comp personalizaci\u00f3n proveedor\" class=\"wp-image-7040\" srcset=\"\/\/www.alizn-carbon-fiber.com\/wp-content\/uploads\/2025\/09\/best-carbon-fiber-hood-for-x6m-comp-customization-supplier.webp 1920w, \/\/www.alizn-carbon-fiber.com\/wp-content\/uploads\/2025\/09\/best-carbon-fiber-hood-for-x6m-comp-customization-supplier-600x338.webp 600w, \/\/www.alizn-carbon-fiber.com\/wp-content\/uploads\/2025\/09\/best-carbon-fiber-hood-for-x6m-comp-customization-supplier-768x432.webp 768w, \/\/www.alizn-carbon-fiber.com\/wp-content\/uploads\/2025\/09\/best-carbon-fiber-hood-for-x6m-comp-customization-supplier-1536x864.webp 1536w, \/\/www.alizn-carbon-fiber.com\/wp-content\/uploads\/2025\/09\/best-carbon-fiber-hood-for-x6m-comp-customization-supplier-18x10.webp 18w\" sizes=\"(max-width: 1920px) 100vw, 1920px\" \/><\/figure>\n\n\n\n<h3 class=\"wp-block-heading\" id=\"h-choosing-the-right-production-line-for-an-x6m-comp-hood\">Elecci\u00f3n de la l\u00ednea de producci\u00f3n adecuada para un cap\u00f3 X6M Comp<\/h3>\n\n\n\n<p>La decisi\u00f3n de qu\u00e9 l\u00ednea de producci\u00f3n utilizar depende de las prioridades del cliente. A continuaci\u00f3n se muestra una tabla que resume qu\u00e9 m\u00e9todos son los m\u00e1s adecuados para el cap\u00f3 BMW X6M Competition.<\/p>\n\n\n\n<figure class=\"wp-block-table\"><table class=\"has-fixed-layout\"><thead><tr><th>M\u00e9todo de producci\u00f3n<\/th><th>Reducci\u00f3n de peso<\/th><th>Acabado superficial<\/th><th>Integridad estructural<\/th><th>Nivel de costes<\/th><th>Caso de uso recomendado<\/th><\/tr><\/thead><tbody><tr><td>Prepreg Autoclave<\/td><td>Excelente<\/td><td>Grado de exposici\u00f3n<\/td><td>M\u00e1s alto<\/td><td>Alta<\/td><td>Excelente rendimiento<\/td><\/tr><tr><td>Moldeo por transferencia de resina<\/td><td>Muy buena<\/td><td>Suave<\/td><td>Fuerte<\/td><td>Medio<\/td><td>Modelos de calle y de alto rendimiento<\/td><\/tr><tr><td>Infusi\u00f3n al vac\u00edo<\/td><td>Moderado<\/td><td>Decente<\/td><td>Bien<\/td><td>Medio-Bajo<\/td><td>Soluci\u00f3n ligera y econ\u00f3mica<\/td><\/tr><tr><td>Colocaci\u00f3n en h\u00famedo<\/td><td>B\u00e1sico<\/td><td>Variable<\/td><td>Limitado<\/td><td>Bajo<\/td><td>Creaci\u00f3n de prototipos, piezas no cr\u00edticas<\/td><\/tr><\/tbody><\/table><\/figure>\n\n\n\n<p>De esta comparaci\u00f3n se desprende claramente que los m\u00e9todos de autoclave de preimpregnado y RTM son los m\u00e1s adecuados para el X6M Comp. <a href=\"https:\/\/www.alizn-carbon-fiber.com\/es\/piezas-de-fibra-de-carbono-personalizadas\/\" target=\"_blank\" rel=\"noreferrer noopener\">cap\u00f3 de fibra de carbono<\/a>. Los clientes que busquen el m\u00e1ximo rendimiento y acabado deber\u00edan optar por la producci\u00f3n en autoclave, mientras que los que busquen rentabilidad con un gran rendimiento deber\u00edan considerar el RTM.<\/p>\n\n\n\n<h3 class=\"wp-block-heading\" id=\"h-customization-options-for-carbon-fiber-hoods\">Opciones de personalizaci\u00f3n para cap\u00f3s de fibra de carbono<\/h3>\n\n\n\n<p>A la hora de seleccionar el mejor cap\u00f3 de fibra de carbono para X6M Comp, la personalizaci\u00f3n juega un papel crucial. En Alizn, ofrecemos varias opciones para adaptar el cap\u00f3 a las necesidades del cliente:<\/p>\n\n\n\n<p><strong>Tejido de fibra de carbono<\/strong><\/p>\n\n\n\n<ul class=\"wp-block-list\">\n<li>Tejido de sarga 3K: Aspecto cl\u00e1sico de competici\u00f3n<\/li>\n\n\n\n<li>Tejido liso 3K: Aspecto uniforme y sutil<\/li>\n\n\n\n<li>Carbono forjado: Est\u00e9tica moderna y distintiva<\/li>\n<\/ul>\n\n\n\n<p><strong>Opciones de acabado<\/strong><\/p>\n\n\n\n<ul class=\"wp-block-list\">\n<li>Capa transparente brillante para un brillo superior<\/li>\n\n\n\n<li>Acabado mate para un aspecto sigiloso<\/li>\n\n\n\n<li>Revestimiento resistente a los rayos UV para evitar el amarilleamiento<\/li>\n<\/ul>\n\n\n\n<p><strong>Dise\u00f1o estructural<\/strong><\/p>\n\n\n\n<ul class=\"wp-block-list\">\n<li>Monocapa para reducir el peso en uso en pista<\/li>\n\n\n\n<li>Capas reforzadas para una mayor durabilidad en la calle<\/li>\n\n\n\n<li>Integraci\u00f3n con respiraderos funcionales para refrigeraci\u00f3n<\/li>\n<\/ul>\n\n\n\n<p><strong>Opciones de montaje<\/strong><\/p>\n\n\n\n<ul class=\"wp-block-list\">\n<li><a href=\"https:\/\/www.alizn-carbon-fiber.com\/es\/fibra-de-carbono-personalizada-oem\/\" target=\"_blank\" rel=\"noreferrer noopener\">Recambio directo estilo OEM<\/a><\/li>\n\n\n\n<li>Estilo agresivo con ventilaci\u00f3n o posventa<\/li>\n<\/ul>\n\n\n\n<p><strong>Integraci\u00f3n de logotipo o marca<\/strong><\/p>\n\n\n\n<ul class=\"wp-block-list\">\n<li>Discreto aspecto OEM<\/li>\n\n\n\n<li>Marca personalizada para construcciones \u00fanicas<\/li>\n<\/ul>\n\n\n\n<p>Estas opciones de personalizaci\u00f3n permiten a cada cliente lograr el equilibrio perfecto entre est\u00e9tica, rendimiento e identidad.<\/p>\n\n\n\n<h3 class=\"wp-block-heading\" id=\"h-how-to-select-the-best-carbon-fiber-hood-for-x6m-comp\">C\u00f3mo seleccionar el mejor cap\u00f3 de fibra de carbono para X6M Comp<\/h3>\n\n\n\n<p>Al comprar un <a href=\"https:\/\/www.alizn-carbon-fiber.com\/es\/piezas-personalizadas-de-fibra-de-carbono\/\" target=\"_blank\" rel=\"noreferrer noopener\">cap\u00f3 de fibra de carbono<\/a>Los clientes deben tener en cuenta los siguientes factores clave:<\/p>\n\n\n\n<ul class=\"wp-block-list\">\n<li><strong>Precisi\u00f3n de ajuste<\/strong>: Un ajuste preciso garantiza que no se requieran modificaciones durante la instalaci\u00f3n.<\/li>\n\n\n\n<li><strong>Ahorro de peso<\/strong>: Cuanto m\u00e1s ligero sea el cap\u00f3, mayor ser\u00e1 el rendimiento del X6M Comp.<\/li>\n\n\n\n<li><strong>Calidad de la superficie<\/strong>: Un acabado liso y uniforme mejora el aspecto y el valor de reventa.<\/li>\n\n\n\n<li><strong>Resistencia estructural<\/strong>: Las capuchas reforzadas garantizan la durabilidad en condiciones de alto rendimiento.<\/li>\n\n\n\n<li><strong>Experiencia de los proveedores<\/strong>: A <a href=\"https:\/\/www.alizn-carbon-fiber.com\/es\/fabrica-de-fibra-de-carbono\/\" target=\"_blank\" rel=\"noreferrer noopener\">fabricante con experiencia<\/a> en piezas espec\u00edficas de BMW puede proporcionar mejores resultados.<\/li>\n<\/ul>\n\n\n\n<p>Sopesando estos factores, los clientes pueden elegir una campana que se ajuste exactamente a sus objetivos est\u00e9ticos y de rendimiento.<\/p>\n\n\n\n<figure class=\"wp-block-image size-full\"><img decoding=\"async\" width=\"1920\" height=\"1080\" src=\"https:\/\/www.alizn-carbon-fiber.com\/wp-content\/uploads\/2025\/09\/custom-vest-carbon-fiber-hood-for-x6m-comp.webp\" alt=\"chaleco personalizado capucha de fibra de carbono para x6m comp\" class=\"wp-image-7042\" srcset=\"\/\/www.alizn-carbon-fiber.com\/wp-content\/uploads\/2025\/09\/custom-vest-carbon-fiber-hood-for-x6m-comp.webp 1920w, \/\/www.alizn-carbon-fiber.com\/wp-content\/uploads\/2025\/09\/custom-vest-carbon-fiber-hood-for-x6m-comp-600x338.webp 600w, \/\/www.alizn-carbon-fiber.com\/wp-content\/uploads\/2025\/09\/custom-vest-carbon-fiber-hood-for-x6m-comp-768x432.webp 768w, \/\/www.alizn-carbon-fiber.com\/wp-content\/uploads\/2025\/09\/custom-vest-carbon-fiber-hood-for-x6m-comp-1536x864.webp 1536w, \/\/www.alizn-carbon-fiber.com\/wp-content\/uploads\/2025\/09\/custom-vest-carbon-fiber-hood-for-x6m-comp-18x10.webp 18w\" sizes=\"(max-width: 1920px) 100vw, 1920px\" \/><\/figure>\n\n\n\n<h3 class=\"wp-block-heading\" id=\"h-why-alizn-is-a-reliable-supplier\">Por qu\u00e9 Alizn es un proveedor fiable<\/h3>\n\n\n\n<p>Como <a href=\"https:\/\/www.alizn-carbon-fiber.com\/es\/distribucion-del-espacio-de-trabajo-en-una-empresa-de-fabricacion-de-piezas-de-fibra-de-carbono\/\" target=\"_blank\" rel=\"noreferrer noopener\">fabricante de piezas de fibra de carbono<\/a>Alizn ofrece asesoramiento profesional a cada cliente. Nuestras instalaciones de producci\u00f3n incluyen autoclave, RTM y l\u00edneas de infusi\u00f3n al vac\u00edo, lo que nos permite recomendar la mejor soluci\u00f3n en funci\u00f3n del presupuesto y los objetivos de rendimiento.<\/p>\n\n\n\n<p><strong>Lo que nos diferencia:<\/strong><\/p>\n\n\n\n<ul class=\"wp-block-list\">\n<li>Experiencia con componentes de veh\u00edculos de lujo y de altas prestaciones<\/li>\n\n\n\n<li>Equipos avanzados para una calidad constante<\/li>\n\n\n\n<li>Personalizaci\u00f3n flexible del tejido, el acabado y el dise\u00f1o<\/li>\n\n\n\n<li>Estricto control de calidad para garantizar la durabilidad y el ajuste<\/li>\n<\/ul>\n\n\n\n<p>Para los clientes que buscan la mejor capota de fibra de carbono para X6M Comp, trabajar directamente con un <a href=\"https:\/\/www.alizn-carbon-fiber.com\/es\/distribucion-del-espacio-de-trabajo-en-una-empresa-de-fabricacion-de-piezas-de-fibra-de-carbono\/\" target=\"_blank\" rel=\"noreferrer noopener\">fabricante<\/a> asegura rentabilidad, mejor personalizaci\u00f3n y calidad garantizada.<\/p>\n\n\n\n<h3 class=\"wp-block-heading\" id=\"h-conclusion\">Conclusi\u00f3n<\/h3>\n\n\n\n<p>El mejor cap\u00f3 de fibra de carbono para X6M Comp debe lograr un equilibrio entre ligereza, durabilidad estructural y atractivo visual. Los m\u00e9todos de producci\u00f3n prepreg en autoclave y RTM son los m\u00e1s adecuados <a href=\"https:\/\/www.alizn-carbon-fiber.com\/es\/como-se-fabrican-las-piezas-de-fibra-de-carbono\/\" target=\"_blank\" rel=\"noreferrer noopener\">procesos de fabricaci\u00f3n<\/a> para este tipo de campana, siendo el autoclave el que ofrece el mayor rendimiento y el RTM una alternativa rentable pero resistente.<\/p>\n\n\n\n<p>En Alizn, ayudamos a los clientes a seleccionar la l\u00ednea de producci\u00f3n y las caracter\u00edsticas de personalizaci\u00f3n adecuadas, garantizando que cada capota ofrezca un rendimiento y un dise\u00f1o \u00f3ptimos para el BMW X6M Competition. Al trabajar con un profesional <a href=\"https:\/\/www.alizn-carbon-fiber.com\/es\/fibra-de-carbono-personalizada-oem\/\" target=\"_blank\" rel=\"noreferrer noopener\">proveedor de piezas de fibra de carbono<\/a>Los clientes conf\u00edan tanto en la calidad del producto como en su satisfacci\u00f3n a largo plazo.<\/p>\n\n\n\n<h3 class=\"wp-block-heading\">Reflexiones finales<\/h3>\n\n\n\n<p>Como expertos en materiales compuestos, estamos dispuestos a&nbsp;<a href=\"https:\/\/wa.me\/8618930689530\">proporcionarle<\/a>&nbsp;con asistencia cr\u00edtica. Una decisi\u00f3n acertada ahora evita sobrecostes, retrasos y resultados decepcionantes m\u00e1s adelante.<\/p>\n\n\n\n<p>\u00bfNecesita asesoramiento sobre su pieza personalizada de fibra de carbono?&nbsp;<a href=\"https:\/\/www.alizn-carbon-fiber.com\/es\/pongase-en-contacto-con-la-fabrica-de-alizn\/\">P\u00f3ngase en contacto con nuestro equipo<\/a>.<\/p>","protected":false},"excerpt":{"rendered":"<p>Elegir el mejor cap\u00f3 de fibra de carbono para X6M Comp no s\u00f3lo tiene que ver con el dise\u00f1o y la est\u00e9tica, sino tambi\u00e9n con la integridad estructural, el rendimiento y la capacidad de adaptarse a sus necesidades espec\u00edficas de conducci\u00f3n. Como Alizn, fabricante profesional de piezas de fibra de carbono, ayudamos a los clientes a analizar las l\u00edneas de producci\u00f3n y las opciones de personalizaci\u00f3n, garantizando que cada capota cumpla con las m\u00e1s altas expectativas. Este art\u00edculo ofrece un an\u00e1lisis en profundidad de c\u00f3mo se fabrican las capotas de fibra de carbono para BMW X6M Competition, qu\u00e9 procesos de producci\u00f3n son los m\u00e1s adecuados y qu\u00e9 opciones de personalizaci\u00f3n est\u00e1n disponibles cuando se recurre a un proveedor de confianza.<\/p>","protected":false},"author":1,"featured_media":7041,"comment_status":"closed","ping_status":"open","sticky":false,"template":"","format":"standard","meta":{"site-sidebar-layout":"default","site-content-layout":"","ast-site-content-layout":"default","site-content-style":"default","site-sidebar-style":"default","ast-global-header-display":"","ast-banner-title-visibility":"","ast-main-header-display":"","ast-hfb-above-header-display":"","ast-hfb-below-header-display":"","ast-hfb-mobile-header-display":"","site-post-title":"","ast-breadcrumbs-content":"","ast-featured-img":"","footer-sml-layout":"","ast-disable-related-posts":"","theme-transparent-header-meta":"","adv-header-id-meta":"","stick-header-meta":"","header-above-stick-meta":"","header-main-stick-meta":"","header-below-stick-meta":"","astra-migrate-meta-layouts":"set","ast-page-background-enabled":"default","ast-page-background-meta":{"desktop":{"background-color":"","background-image":"","background-repeat":"repeat","background-position":"center center","background-size":"auto","background-attachment":"scroll","background-type":"","background-media":"","overlay-type":"","overlay-color":"","overlay-opacity":"","overlay-gradient":""},"tablet":{"background-color":"","background-image":"","background-repeat":"repeat","background-position":"center center","background-size":"auto","background-attachment":"scroll","background-type":"","background-media":"","overlay-type":"","overlay-color":"","overlay-opacity":"","overlay-gradient":""},"mobile":{"background-color":"","background-image":"","background-repeat":"repeat","background-position":"center center","background-size":"auto","background-attachment":"scroll","background-type":"","background-media":"","overlay-type":"","overlay-color":"","overlay-opacity":"","overlay-gradient":""}},"ast-content-background-meta":{"desktop":{"background-color":"var(--ast-global-color-5)","background-image":"","background-repeat":"repeat","background-position":"center center","background-size":"auto","background-attachment":"scroll","background-type":"","background-media":"","overlay-type":"","overlay-color":"","overlay-opacity":"","overlay-gradient":""},"tablet":{"background-color":"var(--ast-global-color-5)","background-image":"","background-repeat":"repeat","background-position":"center center","background-size":"auto","background-attachment":"scroll","background-type":"","background-media":"","overlay-type":"","overlay-color":"","overlay-opacity":"","overlay-gradient":""},"mobile":{"background-color":"var(--ast-global-color-5)","background-image":"","background-repeat":"repeat","background-position":"center center","background-size":"auto","background-attachment":"scroll","background-type":"","background-media":"","overlay-type":"","overlay-color":"","overlay-opacity":"","overlay-gradient":""}},"footnotes":""},"categories":[12,21],"tags":[23],"class_list":["post-7039","post","type-post","status-publish","format-standard","has-post-thumbnail","hentry","category-custom-carbon-fiber-knowledge","category-custom-carbon-fiber-wiki","tag-carbon-fiber-hoods-customization-guide"],"yoast_head":"<!-- This site is optimized with the Yoast SEO Premium plugin v26.3 (Yoast SEO v27.1.1) - https:\/\/yoast.com\/product\/yoast-seo-premium-wordpress\/ -->\n<title>Best Carbon Fiber Hood for X6M Comp Supplier - Alizn<\/title>\n<meta name=\"description\" content=\"Alizn offers the best carbon fiber hood for X6M Comp with lightweight performance, premium finish, and full customization.\" \/>\n<meta name=\"robots\" content=\"index, follow, max-snippet:-1, max-image-preview:large, max-video-preview:-1\" \/>\n<link rel=\"canonical\" href=\"https:\/\/www.alizn-carbon-fiber.com\/es\/mejor-capucha-de-fibra-de-carbono-para-x6m-comp-proveedor\/\" \/>\n<meta property=\"og:locale\" content=\"es_ES\" \/>\n<meta property=\"og:type\" content=\"article\" \/>\n<meta property=\"og:title\" content=\"Best Carbon Fiber Hood for X6M Comp Supplier\" \/>\n<meta property=\"og:description\" content=\"Alizn offers the best carbon fiber hood for X6M Comp with lightweight performance, premium finish, and full customization.\" \/>\n<meta property=\"og:url\" content=\"https:\/\/www.alizn-carbon-fiber.com\/es\/mejor-capucha-de-fibra-de-carbono-para-x6m-comp-proveedor\/\" \/>\n<meta property=\"og:site_name\" content=\"Alizn\" \/>\n<meta property=\"article:publisher\" content=\"https:\/\/www.facebook.com\/alizncarbon\" \/>\n<meta property=\"article:published_time\" content=\"2025-09-03T11:53:15+00:00\" \/>\n<meta property=\"article:modified_time\" content=\"2025-09-03T11:53:18+00:00\" \/>\n<meta property=\"og:image\" content=\"https:\/\/www.alizn-carbon-fiber.com\/wp-content\/uploads\/2025\/09\/best-carbon-fiber-hood-for-bmw-x6m-comp.webp\" \/>\n\t<meta property=\"og:image:width\" content=\"1920\" \/>\n\t<meta property=\"og:image:height\" content=\"1080\" \/>\n\t<meta property=\"og:image:type\" content=\"image\/webp\" \/>\n<meta name=\"author\" content=\"Alizn\" \/>\n<meta name=\"twitter:card\" content=\"summary_large_image\" \/>\n<meta name=\"twitter:creator\" content=\"@alizncarbon\" \/>\n<meta name=\"twitter:site\" content=\"@alizncarbon\" \/>\n<meta name=\"twitter:label1\" content=\"Escrito por\" \/>\n\t<meta name=\"twitter:data1\" content=\"Alizn\" \/>\n\t<meta name=\"twitter:label2\" content=\"Tiempo de lectura\" \/>\n\t<meta name=\"twitter:data2\" content=\"7 minutos\" \/>\n<script type=\"application\/ld+json\" class=\"yoast-schema-graph\">{\"@context\":\"https:\/\/schema.org\",\"@graph\":[{\"@type\":\"Article\",\"@id\":\"https:\/\/www.alizn-carbon-fiber.com\/best-carbon-fiber-hood-for-x6m-comp-supplier\/#article\",\"isPartOf\":{\"@id\":\"https:\/\/www.alizn-carbon-fiber.com\/best-carbon-fiber-hood-for-x6m-comp-supplier\/\"},\"author\":{\"name\":\"Alizn\",\"@id\":\"https:\/\/www.alizn-carbon-fiber.com\/#\/schema\/person\/aa683e4d307323019d85f49ca1bb99b0\"},\"headline\":\"Best Carbon Fiber Hood for X6M Comp Supplier\",\"datePublished\":\"2025-09-03T11:53:15+00:00\",\"dateModified\":\"2025-09-03T11:53:18+00:00\",\"mainEntityOfPage\":{\"@id\":\"https:\/\/www.alizn-carbon-fiber.com\/best-carbon-fiber-hood-for-x6m-comp-supplier\/\"},\"wordCount\":1090,\"publisher\":{\"@id\":\"https:\/\/www.alizn-carbon-fiber.com\/#organization\"},\"image\":{\"@id\":\"https:\/\/www.alizn-carbon-fiber.com\/best-carbon-fiber-hood-for-x6m-comp-supplier\/#primaryimage\"},\"thumbnailUrl\":\"https:\/\/www.alizn-carbon-fiber.com\/wp-content\/uploads\/2025\/09\/best-carbon-fiber-hood-for-bmw-x6m-comp.webp\",\"keywords\":[\"Carbon fiber hoods customization guide\"],\"articleSection\":[\"Custom Carbon Fiber Knowledge\",\"Custom Carbon Fiber WiKi\"],\"inLanguage\":\"es\"},{\"@type\":\"WebPage\",\"@id\":\"https:\/\/www.alizn-carbon-fiber.com\/best-carbon-fiber-hood-for-x6m-comp-supplier\/\",\"url\":\"https:\/\/www.alizn-carbon-fiber.com\/best-carbon-fiber-hood-for-x6m-comp-supplier\/\",\"name\":\"Best Carbon Fiber Hood for X6M Comp Supplier - Alizn\",\"isPartOf\":{\"@id\":\"https:\/\/www.alizn-carbon-fiber.com\/#website\"},\"primaryImageOfPage\":{\"@id\":\"https:\/\/www.alizn-carbon-fiber.com\/best-carbon-fiber-hood-for-x6m-comp-supplier\/#primaryimage\"},\"image\":{\"@id\":\"https:\/\/www.alizn-carbon-fiber.com\/best-carbon-fiber-hood-for-x6m-comp-supplier\/#primaryimage\"},\"thumbnailUrl\":\"https:\/\/www.alizn-carbon-fiber.com\/wp-content\/uploads\/2025\/09\/best-carbon-fiber-hood-for-bmw-x6m-comp.webp\",\"datePublished\":\"2025-09-03T11:53:15+00:00\",\"dateModified\":\"2025-09-03T11:53:18+00:00\",\"description\":\"Alizn offers the best carbon fiber hood for X6M Comp with lightweight performance, premium finish, and full customization.\",\"breadcrumb\":{\"@id\":\"https:\/\/www.alizn-carbon-fiber.com\/best-carbon-fiber-hood-for-x6m-comp-supplier\/#breadcrumb\"},\"inLanguage\":\"es\",\"potentialAction\":[{\"@type\":\"ReadAction\",\"target\":[\"https:\/\/www.alizn-carbon-fiber.com\/best-carbon-fiber-hood-for-x6m-comp-supplier\/\"]}]},{\"@type\":\"ImageObject\",\"inLanguage\":\"es\",\"@id\":\"https:\/\/www.alizn-carbon-fiber.com\/best-carbon-fiber-hood-for-x6m-comp-supplier\/#primaryimage\",\"url\":\"https:\/\/www.alizn-carbon-fiber.com\/wp-content\/uploads\/2025\/09\/best-carbon-fiber-hood-for-bmw-x6m-comp.webp\",\"contentUrl\":\"https:\/\/www.alizn-carbon-fiber.com\/wp-content\/uploads\/2025\/09\/best-carbon-fiber-hood-for-bmw-x6m-comp.webp\",\"width\":1920,\"height\":1080,\"caption\":\"best carbon fiber hood for bmw x6m comp\"},{\"@type\":\"BreadcrumbList\",\"@id\":\"https:\/\/www.alizn-carbon-fiber.com\/best-carbon-fiber-hood-for-x6m-comp-supplier\/#breadcrumb\",\"itemListElement\":[{\"@type\":\"ListItem\",\"position\":1,\"name\":\"Home\",\"item\":\"https:\/\/www.alizn-carbon-fiber.com\/\"},{\"@type\":\"ListItem\",\"position\":2,\"name\":\"Best Carbon Fiber Hood for X6M Comp Supplier\"}]},{\"@type\":\"WebSite\",\"@id\":\"https:\/\/www.alizn-carbon-fiber.com\/#website\",\"url\":\"https:\/\/www.alizn-carbon-fiber.com\/\",\"name\":\"Alizn Custom Carbon Fiber Factory\",\"description\":\"Alizn specialize in tailoring custom carbon fiber parts to the unique and rigorous demands of diverse customers and applications, from consumer goods to medical devices to robotics to car.\",\"publisher\":{\"@id\":\"https:\/\/www.alizn-carbon-fiber.com\/#organization\"},\"potentialAction\":[{\"@type\":\"SearchAction\",\"target\":{\"@type\":\"EntryPoint\",\"urlTemplate\":\"https:\/\/www.alizn-carbon-fiber.com\/?s={search_term_string}\"},\"query-input\":{\"@type\":\"PropertyValueSpecification\",\"valueRequired\":true,\"valueName\":\"search_term_string\"}}],\"inLanguage\":\"es\"},{\"@type\":\"Organization\",\"@id\":\"https:\/\/www.alizn-carbon-fiber.com\/#organization\",\"name\":\"Alizn\",\"url\":\"https:\/\/www.alizn-carbon-fiber.com\/\",\"logo\":{\"@type\":\"ImageObject\",\"inLanguage\":\"es\",\"@id\":\"https:\/\/www.alizn-carbon-fiber.com\/#\/schema\/logo\/image\/\",\"url\":\"https:\/\/www.alizn-carbon-fiber.com\/wp-content\/uploads\/2025\/03\/ali-512.png\",\"contentUrl\":\"https:\/\/www.alizn-carbon-fiber.com\/wp-content\/uploads\/2025\/03\/ali-512.png\",\"width\":512,\"height\":512,\"caption\":\"Alizn\"},\"image\":{\"@id\":\"https:\/\/www.alizn-carbon-fiber.com\/#\/schema\/logo\/image\/\"},\"sameAs\":[\"https:\/\/www.facebook.com\/alizncarbon\",\"https:\/\/x.com\/alizncarbon\",\"https:\/\/www.youtube.com\/@alizncarbon\",\"https:\/\/www.instagram.com\/alizncarbon\",\"https:\/\/www.pinterest.com\/alizncarbon\"]},{\"@type\":\"Person\",\"@id\":\"https:\/\/www.alizn-carbon-fiber.com\/#\/schema\/person\/aa683e4d307323019d85f49ca1bb99b0\",\"name\":\"Alizn\",\"image\":{\"@type\":\"ImageObject\",\"inLanguage\":\"es\",\"@id\":\"https:\/\/www.alizn-carbon-fiber.com\/#\/schema\/person\/image\/\",\"url\":\"https:\/\/secure.gravatar.com\/avatar\/927278fe2b0125723dcf92b679a8fa8059f67125bc41628856832e754e42b724?s=96&d=mm&r=g\",\"contentUrl\":\"https:\/\/secure.gravatar.com\/avatar\/927278fe2b0125723dcf92b679a8fa8059f67125bc41628856832e754e42b724?s=96&d=mm&r=g\",\"caption\":\"Alizn\"},\"sameAs\":[\"https:\/\/www.alizn-carbon-fiber.com\"],\"url\":\"https:\/\/www.alizn-carbon-fiber.com\/es\/author\/alizn\/\"}]}<\/script>\n<!-- \/ Yoast SEO Premium plugin. -->","yoast_head_json":{"title":"Mejor cap\u00f3 de fibra de carbono para X6M Comp Proveedor - Alizn","description":"Alizn ofrece el mejor cap\u00f3 de fibra de carbono para X6M Comp con un rendimiento ligero, un acabado de primera calidad y una personalizaci\u00f3n total.","robots":{"index":"index","follow":"follow","max-snippet":"max-snippet:-1","max-image-preview":"max-image-preview:large","max-video-preview":"max-video-preview:-1"},"canonical":"https:\/\/www.alizn-carbon-fiber.com\/es\/mejor-capucha-de-fibra-de-carbono-para-x6m-comp-proveedor\/","og_locale":"es_ES","og_type":"article","og_title":"Best Carbon Fiber Hood for X6M Comp Supplier","og_description":"Alizn offers the best carbon fiber hood for X6M Comp with lightweight performance, premium finish, and full customization.","og_url":"https:\/\/www.alizn-carbon-fiber.com\/es\/mejor-capucha-de-fibra-de-carbono-para-x6m-comp-proveedor\/","og_site_name":"Alizn","article_publisher":"https:\/\/www.facebook.com\/alizncarbon","article_published_time":"2025-09-03T11:53:15+00:00","article_modified_time":"2025-09-03T11:53:18+00:00","og_image":[{"width":1920,"height":1080,"url":"https:\/\/www.alizn-carbon-fiber.com\/wp-content\/uploads\/2025\/09\/best-carbon-fiber-hood-for-bmw-x6m-comp.webp","type":"image\/webp"}],"author":"Alizn","twitter_card":"summary_large_image","twitter_creator":"@alizncarbon","twitter_site":"@alizncarbon","twitter_misc":{"Escrito por":"Alizn","Tiempo de lectura":"7 minutos"},"schema":{"@context":"https:\/\/schema.org","@graph":[{"@type":"Article","@id":"https:\/\/www.alizn-carbon-fiber.com\/best-carbon-fiber-hood-for-x6m-comp-supplier\/#article","isPartOf":{"@id":"https:\/\/www.alizn-carbon-fiber.com\/best-carbon-fiber-hood-for-x6m-comp-supplier\/"},"author":{"name":"Alizn","@id":"https:\/\/www.alizn-carbon-fiber.com\/#\/schema\/person\/aa683e4d307323019d85f49ca1bb99b0"},"headline":"Best Carbon Fiber Hood for X6M Comp Supplier","datePublished":"2025-09-03T11:53:15+00:00","dateModified":"2025-09-03T11:53:18+00:00","mainEntityOfPage":{"@id":"https:\/\/www.alizn-carbon-fiber.com\/best-carbon-fiber-hood-for-x6m-comp-supplier\/"},"wordCount":1090,"publisher":{"@id":"https:\/\/www.alizn-carbon-fiber.com\/#organization"},"image":{"@id":"https:\/\/www.alizn-carbon-fiber.com\/best-carbon-fiber-hood-for-x6m-comp-supplier\/#primaryimage"},"thumbnailUrl":"https:\/\/www.alizn-carbon-fiber.com\/wp-content\/uploads\/2025\/09\/best-carbon-fiber-hood-for-bmw-x6m-comp.webp","keywords":["Carbon fiber hoods customization guide"],"articleSection":["Custom Carbon Fiber Knowledge","Custom Carbon Fiber WiKi"],"inLanguage":"es"},{"@type":"WebPage","@id":"https:\/\/www.alizn-carbon-fiber.com\/best-carbon-fiber-hood-for-x6m-comp-supplier\/","url":"https:\/\/www.alizn-carbon-fiber.com\/best-carbon-fiber-hood-for-x6m-comp-supplier\/","name":"Mejor cap\u00f3 de fibra de carbono para X6M Comp Proveedor - Alizn","isPartOf":{"@id":"https:\/\/www.alizn-carbon-fiber.com\/#website"},"primaryImageOfPage":{"@id":"https:\/\/www.alizn-carbon-fiber.com\/best-carbon-fiber-hood-for-x6m-comp-supplier\/#primaryimage"},"image":{"@id":"https:\/\/www.alizn-carbon-fiber.com\/best-carbon-fiber-hood-for-x6m-comp-supplier\/#primaryimage"},"thumbnailUrl":"https:\/\/www.alizn-carbon-fiber.com\/wp-content\/uploads\/2025\/09\/best-carbon-fiber-hood-for-bmw-x6m-comp.webp","datePublished":"2025-09-03T11:53:15+00:00","dateModified":"2025-09-03T11:53:18+00:00","description":"Alizn ofrece el mejor cap\u00f3 de fibra de carbono para X6M Comp con un rendimiento ligero, un acabado de primera calidad y una personalizaci\u00f3n total.","breadcrumb":{"@id":"https:\/\/www.alizn-carbon-fiber.com\/best-carbon-fiber-hood-for-x6m-comp-supplier\/#breadcrumb"},"inLanguage":"es","potentialAction":[{"@type":"ReadAction","target":["https:\/\/www.alizn-carbon-fiber.com\/best-carbon-fiber-hood-for-x6m-comp-supplier\/"]}]},{"@type":"ImageObject","inLanguage":"es","@id":"https:\/\/www.alizn-carbon-fiber.com\/best-carbon-fiber-hood-for-x6m-comp-supplier\/#primaryimage","url":"https:\/\/www.alizn-carbon-fiber.com\/wp-content\/uploads\/2025\/09\/best-carbon-fiber-hood-for-bmw-x6m-comp.webp","contentUrl":"https:\/\/www.alizn-carbon-fiber.com\/wp-content\/uploads\/2025\/09\/best-carbon-fiber-hood-for-bmw-x6m-comp.webp","width":1920,"height":1080,"caption":"best carbon fiber hood for bmw x6m comp"},{"@type":"BreadcrumbList","@id":"https:\/\/www.alizn-carbon-fiber.com\/best-carbon-fiber-hood-for-x6m-comp-supplier\/#breadcrumb","itemListElement":[{"@type":"ListItem","position":1,"name":"Home","item":"https:\/\/www.alizn-carbon-fiber.com\/"},{"@type":"ListItem","position":2,"name":"Best Carbon Fiber Hood for X6M Comp Supplier"}]},{"@type":"WebSite","@id":"https:\/\/www.alizn-carbon-fiber.com\/#website","url":"https:\/\/www.alizn-carbon-fiber.com\/","name":"Alizn F\u00e1brica de fibra de carbono a medida","description":"Alizn se especializa en la adaptaci\u00f3n de piezas de fibra de carbono personalizadas a las exigencias \u00fanicas y rigurosas de diversos clientes y aplicaciones, desde bienes de consumo hasta dispositivos m\u00e9dicos, pasando por rob\u00f3tica y automoci\u00f3n.","publisher":{"@id":"https:\/\/www.alizn-carbon-fiber.com\/#organization"},"potentialAction":[{"@type":"SearchAction","target":{"@type":"EntryPoint","urlTemplate":"https:\/\/www.alizn-carbon-fiber.com\/?s={search_term_string}"},"query-input":{"@type":"PropertyValueSpecification","valueRequired":true,"valueName":"search_term_string"}}],"inLanguage":"es"},{"@type":"Organization","@id":"https:\/\/www.alizn-carbon-fiber.com\/#organization","name":"Alizn","url":"https:\/\/www.alizn-carbon-fiber.com\/","logo":{"@type":"ImageObject","inLanguage":"es","@id":"https:\/\/www.alizn-carbon-fiber.com\/#\/schema\/logo\/image\/","url":"https:\/\/www.alizn-carbon-fiber.com\/wp-content\/uploads\/2025\/03\/ali-512.png","contentUrl":"https:\/\/www.alizn-carbon-fiber.com\/wp-content\/uploads\/2025\/03\/ali-512.png","width":512,"height":512,"caption":"Alizn"},"image":{"@id":"https:\/\/www.alizn-carbon-fiber.com\/#\/schema\/logo\/image\/"},"sameAs":["https:\/\/www.facebook.com\/alizncarbon","https:\/\/x.com\/alizncarbon","https:\/\/www.youtube.com\/@alizncarbon","https:\/\/www.instagram.com\/alizncarbon","https:\/\/www.pinterest.com\/alizncarbon"]},{"@type":"Person","@id":"https:\/\/www.alizn-carbon-fiber.com\/#\/schema\/person\/aa683e4d307323019d85f49ca1bb99b0","name":"Alizn","image":{"@type":"ImageObject","inLanguage":"es","@id":"https:\/\/www.alizn-carbon-fiber.com\/#\/schema\/person\/image\/","url":"https:\/\/secure.gravatar.com\/avatar\/927278fe2b0125723dcf92b679a8fa8059f67125bc41628856832e754e42b724?s=96&d=mm&r=g","contentUrl":"https:\/\/secure.gravatar.com\/avatar\/927278fe2b0125723dcf92b679a8fa8059f67125bc41628856832e754e42b724?s=96&d=mm&r=g","caption":"Alizn"},"sameAs":["https:\/\/www.alizn-carbon-fiber.com"],"url":"https:\/\/www.alizn-carbon-fiber.com\/es\/author\/alizn\/"}]}},"_links":{"self":[{"href":"https:\/\/www.alizn-carbon-fiber.com\/es\/wp-json\/wp\/v2\/posts\/7039","targetHints":{"allow":["GET"]}}],"collection":[{"href":"https:\/\/www.alizn-carbon-fiber.com\/es\/wp-json\/wp\/v2\/posts"}],"about":[{"href":"https:\/\/www.alizn-carbon-fiber.com\/es\/wp-json\/wp\/v2\/types\/post"}],"author":[{"embeddable":true,"href":"https:\/\/www.alizn-carbon-fiber.com\/es\/wp-json\/wp\/v2\/users\/1"}],"replies":[{"embeddable":true,"href":"https:\/\/www.alizn-carbon-fiber.com\/es\/wp-json\/wp\/v2\/comments?post=7039"}],"version-history":[{"count":0,"href":"https:\/\/www.alizn-carbon-fiber.com\/es\/wp-json\/wp\/v2\/posts\/7039\/revisions"}],"wp:featuredmedia":[{"embeddable":true,"href":"https:\/\/www.alizn-carbon-fiber.com\/es\/wp-json\/wp\/v2\/media\/7041"}],"wp:attachment":[{"href":"https:\/\/www.alizn-carbon-fiber.com\/es\/wp-json\/wp\/v2\/media?parent=7039"}],"wp:term":[{"taxonomy":"category","embeddable":true,"href":"https:\/\/www.alizn-carbon-fiber.com\/es\/wp-json\/wp\/v2\/categories?post=7039"},{"taxonomy":"post_tag","embeddable":true,"href":"https:\/\/www.alizn-carbon-fiber.com\/es\/wp-json\/wp\/v2\/tags?post=7039"}],"curies":[{"name":"wp","href":"https:\/\/api.w.org\/{rel}","templated":true}]}}